
{"id":33675,"date":"2024-01-24T10:36:19","date_gmt":"2024-01-24T09:36:19","guid":{"rendered":"https:\/\/www.fondazionebassetti.org\/2024\/01\/italiani_ed_italici_verso_le_elezioni_europee"},"modified":"2024-02-06T19:37:05","modified_gmt":"2024-02-06T18:37:05","slug":"italiani_ed_italici_verso_le_elezioni_europee","status":"publish","type":"post","link":"https:\/\/www.fondazionebassetti.org\/en\/segnalazioni_en\/2024\/01\/italiani_ed_italici_verso_le_elezioni_europee","title":{"rendered":"Italiani ed italici verso le elezioni europee"},"content":{"rendered":"<p>Convegno<br \/>\nITALIANI ED ITALICI VERSO LE ELEZIONI EUROPEE<br \/>\nPalazzo Giustiniani (Sala Zuccari), <a href=\"https:\/\/maps.app.goo.gl\/AjeLSKePEDdxfotH8\">Via della Dogana Vecchia n. 29 &#8211; Roma<\/a><br \/>\nVenerd\u00ec 26 gennaio 2024, ore 09.30 &#8211; 13.30<\/p>\n<p>L\u2019Italia si conferma la prima potenza culturale al mondo. Lo ribadiscono nei loro sondaggi i principali centri di ricerca internazionali. E, a contribuire alla difesa e all\u2019accrescimento di una ricchezza davvero unica non sono soltanto gli italiani ma anche gli \u201citalici\u201d. Sparsi in Europa e in tutti gli altri continenti sono i portatori sani della valorizzazione di un inestimabile patrimonio di arte, letteratura, architettura, artigianato e meccanica di qualit\u00e0, imprenditoria, stile e stili di vita ma anche gastronomia e paesaggi unici.<\/p>\n<p>Non sono solo gli italo-discendenti ma anche gli italofili ed i neo-italiani: una comunit\u00e0 globale di persone, di professionisti, manager, industriali, docenti che, per passione o per lavoro e senza avere la cittadinanza italiana, fanno per\u00f2 riferimento a prassi e valori tipicamente italiani.<\/p>\n<p>Complessivamente possono dare vita a un \u201csoft power\u201d culturale, fatto di milioni di persone, che pu\u00f2 diventare un importante progetto politico. A cominciare dall\u2019Europa.<\/p>\n<p>E <strong>di Europa si parler\u00e0 il 26 gennaio in Senato al convegno \u201cItaliani ed Italici verso le elezioni europee\u201d<\/strong>.<\/p>\n<p>Organizzato dall\u2019<a href=\"https:\/\/italicanet.it\/community\/dal-libro-di-piero-bassetti-nasce-l-associazione-svegliamoci-italici-.kl\">Associazione Svegliamoci Italici<\/a> (Asvit), in collaborazione con la <a href=\"https:\/\/www.fondazionebassetti.org\/en\">Fondazione Giannino Bassetti<\/a>, <a href=\"https:\/\/scholaitalica.com\/\">Schola Italica-impresa sociale<\/a>, e <a href=\"https:\/\/www.globusetlocus.org\/\">Associazione Globus et Locus<\/a>, il convegno (nella Sala Zuccari di Palazzo Giustiniani, dalle ore 9,30 alle 13,30) sar\u00e0 introdotto e presieduto dal senatore <strong>Pier Ferdinando Casini<\/strong>.<br \/>\nLa relazione introduttiva sar\u00e0 di <strong>Piero Bassetti<\/strong>, a cui &#8211; come sottolineato varie volte dal Presidente della Repubblica Sergio Mattarella &#8211; si deve l\u2019intuizione dell\u2019esistenza e della importanza degli italici.<\/p>\n<p>Interverranno: <strong>Francesco Rutelli<\/strong>, presidente del Soft Power Club; <strong>Silvia Costa<\/strong>, gi\u00e0 Presidente della Commissione Cultura del Parlamento Europeo; <strong>Francesco Samor\u00e8<\/strong>, Segretario Generale della Fondazione Giannino Bassetti; <strong>Giuseppe Terranova<\/strong>, docente di Geografia politica ed economica, Universit\u00e0 della Tuscia; <strong>Andrea Vento<\/strong>, presidente Schola Italica-impresa sociale; <strong>Maria Chiara Prodi<\/strong>, del Consiglio Generale degli italiani all\u2019estero.<\/p>\n<p>Le conclusioni sono affidate a <strong>Umberto Laurenti<\/strong>, vicepresidente ASVIT.<br \/>\nConduce e coordina i lavori il giornalista <strong>Marco Giudici<\/strong>.<\/p>\n<p>Il Convegno potr\u00e0 essere seguito sul <a href=\"https:\/\/webtv.senato.it\/webtv_live\">portale Tv del Senato<\/a> e sul <a href=\"https:\/\/youtube.com\/user\/SenatoItaliano\">canale YouTube<\/a><br \/>\nSar\u00e0 distribuita ai presenti una Brochure contenente altri interventi, in forma scritta, al Convegno, nonch\u00e9 documentazione della ASVIT ed una rassegna stampa di articoli attinenti il tema del Convegno. La Brochure sar\u00e0 inviata via email a chi la richieder\u00e0 a segreteria.italici <em>(at)<\/em> gmail.com<\/p>\n","protected":false},"excerpt":{"rendered":"<p>Convegno ITALIANI ED ITALICI VERSO LE ELEZIONI EUROPEE Palazzo Giustiniani (Sala Zuccari), Via della Dogana Vecchia n. 29 &#8211; Roma Venerd\u00ec 26 gennaio 2024, ore 09.30 &#8211; 13.30 L\u2019Italia si conferma la prima potenza culturale al mondo. Lo ribadiscono nei loro sondaggi i principali centri di ricerca internazionali. E, a contribuire alla difesa e all\u2019accrescimento <a href=\"https:\/\/www.fondazionebassetti.org\/en\/segnalazioni_en\/2024\/01\/italiani_ed_italici_verso_le_elezioni_europee\" class=\"more-link\">&#8230;<span class=\"screen-reader-text\">  Italiani ed italici verso le elezioni europee<\/span><\/a><\/p>\n","protected":false},"author":16,"featured_media":33665,"comment_status":"closed","ping_status":"closed","sticky":false,"template":"","format":"standard","meta":{"_acf_changed":false,"mc4wp_mailchimp_campaign":[],"footnotes":""},"categories":[3761,5295,2793,5289],"tags":[5637,4110,5694],"class_list":["post-33675","post","type-post","status-publish","format-standard","has-post-thumbnail","hentry","category-eventi_en","category-governance_and_statehood_en","category-innovation_poiesis_intensive","category-segnalazioni_en","tag-convegni_en","tag-italici_en","tag-italicita_en"],"acf":[],"yoast_head":"<!-- This site is optimized with the Yoast SEO plugin v27.5 - https:\/\/yoast.com\/product\/yoast-seo-wordpress\/ -->\n<title>Italiani ed italici verso le elezioni europee - Fondazione Giannino Bassetti<\/title>\n<meta name=\"robots\" content=\"index, follow, max-snippet:-1, max-image-preview:large, max-video-preview:-1\" \/>\n<link rel=\"canonical\" href=\"https:\/\/www.fondazionebassetti.org\/en\/segnalazioni_en\/2024\/01\/italiani_ed_italici_verso_le_elezioni_europee\" \/>\n<meta property=\"og:locale\" content=\"en_US\" \/>\n<meta property=\"og:type\" content=\"article\" \/>\n<meta property=\"og:title\" content=\"Italiani ed italici verso le elezioni europee - Fondazione Giannino Bassetti\" \/>\n<meta property=\"og:description\" content=\"Convegno ITALIANI ED ITALICI VERSO LE ELEZIONI EUROPEE Palazzo Giustiniani (Sala Zuccari), Via della Dogana Vecchia n. 29 &#8211; Roma Venerd\u00ec 26 gennaio 2024, ore 09.30 &#8211; 13.30 L\u2019Italia si conferma la prima potenza culturale al mondo. Lo ribadiscono nei loro sondaggi i principali centri di ricerca internazionali. E, a contribuire alla difesa e all\u2019accrescimento ... Italiani ed italici verso le elezioni europee\" \/>\n<meta property=\"og:url\" content=\"https:\/\/www.fondazionebassetti.org\/en\/segnalazioni_en\/2024\/01\/italiani_ed_italici_verso_le_elezioni_europee\" \/>\n<meta property=\"og:site_name\" content=\"Fondazione Giannino Bassetti\" \/>\n<meta property=\"article:published_time\" content=\"2024-01-24T09:36:19+00:00\" \/>\n<meta property=\"article:modified_time\" content=\"2024-02-06T18:37:05+00:00\" \/>\n<meta property=\"og:image\" content=\"https:\/\/www.fondazionebassetti.org\/wp-content\/uploads\/2024\/01\/Italiani-ed-Italici-verso-le-elezioni-europee-1024.jpg\" \/>\n\t<meta property=\"og:image:width\" content=\"1024\" \/>\n\t<meta property=\"og:image:height\" content=\"580\" \/>\n\t<meta property=\"og:image:type\" content=\"image\/jpeg\" \/>\n<meta name=\"author\" content=\"Tommaso Correale Santacroce\" \/>\n<meta name=\"twitter:card\" content=\"summary_large_image\" \/>\n<meta name=\"twitter:label1\" content=\"Written by\" \/>\n\t<meta name=\"twitter:data1\" content=\"Tommaso Correale Santacroce\" \/>\n\t<meta name=\"twitter:label2\" content=\"Est. reading time\" \/>\n\t<meta name=\"twitter:data2\" content=\"3 minutes\" \/>\n<script type=\"application\/ld+json\" class=\"yoast-schema-graph\">{\"@context\":\"https:\\\/\\\/schema.org\",\"@graph\":[{\"@type\":\"Article\",\"@id\":\"https:\\\/\\\/www.fondazionebassetti.org\\\/en\\\/segnalazioni_en\\\/2024\\\/01\\\/italiani_ed_italici_verso_le_elezioni_europee#article\",\"isPartOf\":{\"@id\":\"https:\\\/\\\/www.fondazionebassetti.org\\\/en\\\/segnalazioni_en\\\/2024\\\/01\\\/italiani_ed_italici_verso_le_elezioni_europee\"},\"author\":{\"name\":\"Tommaso Correale Santacroce\",\"@id\":\"https:\\\/\\\/www.fondazionebassetti.org\\\/en#\\\/schema\\\/person\\\/168d0c230d9f804733495a1f3c8a758c\"},\"headline\":\"Italiani ed italici verso le elezioni europee\",\"datePublished\":\"2024-01-24T09:36:19+00:00\",\"dateModified\":\"2024-02-06T18:37:05+00:00\",\"mainEntityOfPage\":{\"@id\":\"https:\\\/\\\/www.fondazionebassetti.org\\\/en\\\/segnalazioni_en\\\/2024\\\/01\\\/italiani_ed_italici_verso_le_elezioni_europee\"},\"wordCount\":402,\"publisher\":{\"@id\":\"https:\\\/\\\/www.fondazionebassetti.org\\\/en#organization\"},\"image\":{\"@id\":\"https:\\\/\\\/www.fondazionebassetti.org\\\/en\\\/segnalazioni_en\\\/2024\\\/01\\\/italiani_ed_italici_verso_le_elezioni_europee#primaryimage\"},\"thumbnailUrl\":\"https:\\\/\\\/www.fondazionebassetti.org\\\/wp-content\\\/uploads\\\/2024\\\/01\\\/Italiani-ed-Italici-verso-le-elezioni-europee-1024.jpg\",\"keywords\":[\"convegni\",\"Italici\",\"Italicit\u00e0\"],\"articleSection\":[\"Eventi\",\"Governance and statehood\",\"Innovation Poiesis Intensive\",\"News\"],\"inLanguage\":\"en-US\"},{\"@type\":\"WebPage\",\"@id\":\"https:\\\/\\\/www.fondazionebassetti.org\\\/en\\\/segnalazioni_en\\\/2024\\\/01\\\/italiani_ed_italici_verso_le_elezioni_europee\",\"url\":\"https:\\\/\\\/www.fondazionebassetti.org\\\/en\\\/segnalazioni_en\\\/2024\\\/01\\\/italiani_ed_italici_verso_le_elezioni_europee\",\"name\":\"Italiani ed italici verso le elezioni europee - Fondazione Giannino Bassetti\",\"isPartOf\":{\"@id\":\"https:\\\/\\\/www.fondazionebassetti.org\\\/en#website\"},\"primaryImageOfPage\":{\"@id\":\"https:\\\/\\\/www.fondazionebassetti.org\\\/en\\\/segnalazioni_en\\\/2024\\\/01\\\/italiani_ed_italici_verso_le_elezioni_europee#primaryimage\"},\"image\":{\"@id\":\"https:\\\/\\\/www.fondazionebassetti.org\\\/en\\\/segnalazioni_en\\\/2024\\\/01\\\/italiani_ed_italici_verso_le_elezioni_europee#primaryimage\"},\"thumbnailUrl\":\"https:\\\/\\\/www.fondazionebassetti.org\\\/wp-content\\\/uploads\\\/2024\\\/01\\\/Italiani-ed-Italici-verso-le-elezioni-europee-1024.jpg\",\"datePublished\":\"2024-01-24T09:36:19+00:00\",\"dateModified\":\"2024-02-06T18:37:05+00:00\",\"breadcrumb\":{\"@id\":\"https:\\\/\\\/www.fondazionebassetti.org\\\/en\\\/segnalazioni_en\\\/2024\\\/01\\\/italiani_ed_italici_verso_le_elezioni_europee#breadcrumb\"},\"inLanguage\":\"en-US\",\"potentialAction\":[{\"@type\":\"ReadAction\",\"target\":[\"https:\\\/\\\/www.fondazionebassetti.org\\\/en\\\/segnalazioni_en\\\/2024\\\/01\\\/italiani_ed_italici_verso_le_elezioni_europee\"]}]},{\"@type\":\"ImageObject\",\"inLanguage\":\"en-US\",\"@id\":\"https:\\\/\\\/www.fondazionebassetti.org\\\/en\\\/segnalazioni_en\\\/2024\\\/01\\\/italiani_ed_italici_verso_le_elezioni_europee#primaryimage\",\"url\":\"https:\\\/\\\/www.fondazionebassetti.org\\\/wp-content\\\/uploads\\\/2024\\\/01\\\/Italiani-ed-Italici-verso-le-elezioni-europee-1024.jpg\",\"contentUrl\":\"https:\\\/\\\/www.fondazionebassetti.org\\\/wp-content\\\/uploads\\\/2024\\\/01\\\/Italiani-ed-Italici-verso-le-elezioni-europee-1024.jpg\",\"width\":1024,\"height\":580},{\"@type\":\"BreadcrumbList\",\"@id\":\"https:\\\/\\\/www.fondazionebassetti.org\\\/en\\\/segnalazioni_en\\\/2024\\\/01\\\/italiani_ed_italici_verso_le_elezioni_europee#breadcrumb\",\"itemListElement\":[{\"@type\":\"ListItem\",\"position\":1,\"name\":\"Home\",\"item\":\"https:\\\/\\\/www.fondazionebassetti.org\\\/en\"},{\"@type\":\"ListItem\",\"position\":2,\"name\":\"Italiani ed italici verso le elezioni europee\"}]},{\"@type\":\"WebSite\",\"@id\":\"https:\\\/\\\/www.fondazionebassetti.org\\\/en#website\",\"url\":\"https:\\\/\\\/www.fondazionebassetti.org\\\/en\",\"name\":\"Fondazione Giannino Bassetti\",\"description\":\"Fondazione Giannino Bassetti\",\"publisher\":{\"@id\":\"https:\\\/\\\/www.fondazionebassetti.org\\\/en#organization\"},\"alternateName\":\"FGB\",\"potentialAction\":[{\"@type\":\"SearchAction\",\"target\":{\"@type\":\"EntryPoint\",\"urlTemplate\":\"https:\\\/\\\/www.fondazionebassetti.org\\\/en?s={search_term_string}\"},\"query-input\":{\"@type\":\"PropertyValueSpecification\",\"valueRequired\":true,\"valueName\":\"search_term_string\"}}],\"inLanguage\":\"en-US\"},{\"@type\":\"Organization\",\"@id\":\"https:\\\/\\\/www.fondazionebassetti.org\\\/en#organization\",\"name\":\"Fondazione Giannino Bassetti ETS\",\"alternateName\":\"FGB\",\"url\":\"https:\\\/\\\/www.fondazionebassetti.org\\\/en\",\"logo\":{\"@type\":\"ImageObject\",\"inLanguage\":\"en-US\",\"@id\":\"https:\\\/\\\/www.fondazionebassetti.org\\\/en#\\\/schema\\\/logo\\\/image\\\/\",\"url\":\"https:\\\/\\\/www.fondazionebassetti.org\\\/wp-content\\\/uploads\\\/2025\\\/09\\\/logo696x696.jpg\",\"contentUrl\":\"https:\\\/\\\/www.fondazionebassetti.org\\\/wp-content\\\/uploads\\\/2025\\\/09\\\/logo696x696.jpg\",\"width\":696,\"height\":696,\"caption\":\"Fondazione Giannino Bassetti ETS\"},\"image\":{\"@id\":\"https:\\\/\\\/www.fondazionebassetti.org\\\/en#\\\/schema\\\/logo\\\/image\\\/\"}},{\"@type\":\"Person\",\"@id\":\"https:\\\/\\\/www.fondazionebassetti.org\\\/en#\\\/schema\\\/person\\\/168d0c230d9f804733495a1f3c8a758c\",\"name\":\"Tommaso Correale Santacroce\",\"url\":\"https:\\\/\\\/www.fondazionebassetti.org\\\/en\\\/author\\\/tommaso_correale_santacroce\"}]}<\/script>\n<!-- \/ Yoast SEO plugin. -->","yoast_head_json":{"title":"Italiani ed italici verso le elezioni europee - Fondazione Giannino Bassetti","robots":{"index":"index","follow":"follow","max-snippet":"max-snippet:-1","max-image-preview":"max-image-preview:large","max-video-preview":"max-video-preview:-1"},"canonical":"https:\/\/www.fondazionebassetti.org\/en\/segnalazioni_en\/2024\/01\/italiani_ed_italici_verso_le_elezioni_europee","og_locale":"en_US","og_type":"article","og_title":"Italiani ed italici verso le elezioni europee - Fondazione Giannino Bassetti","og_description":"Convegno ITALIANI ED ITALICI VERSO LE ELEZIONI EUROPEE Palazzo Giustiniani (Sala Zuccari), Via della Dogana Vecchia n. 29 &#8211; Roma Venerd\u00ec 26 gennaio 2024, ore 09.30 &#8211; 13.30 L\u2019Italia si conferma la prima potenza culturale al mondo. Lo ribadiscono nei loro sondaggi i principali centri di ricerca internazionali. E, a contribuire alla difesa e all\u2019accrescimento ... Italiani ed italici verso le elezioni europee","og_url":"https:\/\/www.fondazionebassetti.org\/en\/segnalazioni_en\/2024\/01\/italiani_ed_italici_verso_le_elezioni_europee","og_site_name":"Fondazione Giannino Bassetti","article_published_time":"2024-01-24T09:36:19+00:00","article_modified_time":"2024-02-06T18:37:05+00:00","og_image":[{"width":1024,"height":580,"url":"https:\/\/www.fondazionebassetti.org\/wp-content\/uploads\/2024\/01\/Italiani-ed-Italici-verso-le-elezioni-europee-1024.jpg","type":"image\/jpeg"}],"author":"Tommaso Correale Santacroce","twitter_card":"summary_large_image","twitter_misc":{"Written by":"Tommaso Correale Santacroce","Est. reading time":"3 minutes"},"schema":{"@context":"https:\/\/schema.org","@graph":[{"@type":"Article","@id":"https:\/\/www.fondazionebassetti.org\/en\/segnalazioni_en\/2024\/01\/italiani_ed_italici_verso_le_elezioni_europee#article","isPartOf":{"@id":"https:\/\/www.fondazionebassetti.org\/en\/segnalazioni_en\/2024\/01\/italiani_ed_italici_verso_le_elezioni_europee"},"author":{"name":"Tommaso Correale Santacroce","@id":"https:\/\/www.fondazionebassetti.org\/en#\/schema\/person\/168d0c230d9f804733495a1f3c8a758c"},"headline":"Italiani ed italici verso le elezioni europee","datePublished":"2024-01-24T09:36:19+00:00","dateModified":"2024-02-06T18:37:05+00:00","mainEntityOfPage":{"@id":"https:\/\/www.fondazionebassetti.org\/en\/segnalazioni_en\/2024\/01\/italiani_ed_italici_verso_le_elezioni_europee"},"wordCount":402,"publisher":{"@id":"https:\/\/www.fondazionebassetti.org\/en#organization"},"image":{"@id":"https:\/\/www.fondazionebassetti.org\/en\/segnalazioni_en\/2024\/01\/italiani_ed_italici_verso_le_elezioni_europee#primaryimage"},"thumbnailUrl":"https:\/\/www.fondazionebassetti.org\/wp-content\/uploads\/2024\/01\/Italiani-ed-Italici-verso-le-elezioni-europee-1024.jpg","keywords":["convegni","Italici","Italicit\u00e0"],"articleSection":["Eventi","Governance and statehood","Innovation Poiesis Intensive","News"],"inLanguage":"en-US"},{"@type":"WebPage","@id":"https:\/\/www.fondazionebassetti.org\/en\/segnalazioni_en\/2024\/01\/italiani_ed_italici_verso_le_elezioni_europee","url":"https:\/\/www.fondazionebassetti.org\/en\/segnalazioni_en\/2024\/01\/italiani_ed_italici_verso_le_elezioni_europee","name":"Italiani ed italici verso le elezioni europee - Fondazione Giannino Bassetti","isPartOf":{"@id":"https:\/\/www.fondazionebassetti.org\/en#website"},"primaryImageOfPage":{"@id":"https:\/\/www.fondazionebassetti.org\/en\/segnalazioni_en\/2024\/01\/italiani_ed_italici_verso_le_elezioni_europee#primaryimage"},"image":{"@id":"https:\/\/www.fondazionebassetti.org\/en\/segnalazioni_en\/2024\/01\/italiani_ed_italici_verso_le_elezioni_europee#primaryimage"},"thumbnailUrl":"https:\/\/www.fondazionebassetti.org\/wp-content\/uploads\/2024\/01\/Italiani-ed-Italici-verso-le-elezioni-europee-1024.jpg","datePublished":"2024-01-24T09:36:19+00:00","dateModified":"2024-02-06T18:37:05+00:00","breadcrumb":{"@id":"https:\/\/www.fondazionebassetti.org\/en\/segnalazioni_en\/2024\/01\/italiani_ed_italici_verso_le_elezioni_europee#breadcrumb"},"inLanguage":"en-US","potentialAction":[{"@type":"ReadAction","target":["https:\/\/www.fondazionebassetti.org\/en\/segnalazioni_en\/2024\/01\/italiani_ed_italici_verso_le_elezioni_europee"]}]},{"@type":"ImageObject","inLanguage":"en-US","@id":"https:\/\/www.fondazionebassetti.org\/en\/segnalazioni_en\/2024\/01\/italiani_ed_italici_verso_le_elezioni_europee#primaryimage","url":"https:\/\/www.fondazionebassetti.org\/wp-content\/uploads\/2024\/01\/Italiani-ed-Italici-verso-le-elezioni-europee-1024.jpg","contentUrl":"https:\/\/www.fondazionebassetti.org\/wp-content\/uploads\/2024\/01\/Italiani-ed-Italici-verso-le-elezioni-europee-1024.jpg","width":1024,"height":580},{"@type":"BreadcrumbList","@id":"https:\/\/www.fondazionebassetti.org\/en\/segnalazioni_en\/2024\/01\/italiani_ed_italici_verso_le_elezioni_europee#breadcrumb","itemListElement":[{"@type":"ListItem","position":1,"name":"Home","item":"https:\/\/www.fondazionebassetti.org\/en"},{"@type":"ListItem","position":2,"name":"Italiani ed italici verso le elezioni europee"}]},{"@type":"WebSite","@id":"https:\/\/www.fondazionebassetti.org\/en#website","url":"https:\/\/www.fondazionebassetti.org\/en","name":"Fondazione Giannino Bassetti","description":"Fondazione Giannino Bassetti","publisher":{"@id":"https:\/\/www.fondazionebassetti.org\/en#organization"},"alternateName":"FGB","potentialAction":[{"@type":"SearchAction","target":{"@type":"EntryPoint","urlTemplate":"https:\/\/www.fondazionebassetti.org\/en?s={search_term_string}"},"query-input":{"@type":"PropertyValueSpecification","valueRequired":true,"valueName":"search_term_string"}}],"inLanguage":"en-US"},{"@type":"Organization","@id":"https:\/\/www.fondazionebassetti.org\/en#organization","name":"Fondazione Giannino Bassetti ETS","alternateName":"FGB","url":"https:\/\/www.fondazionebassetti.org\/en","logo":{"@type":"ImageObject","inLanguage":"en-US","@id":"https:\/\/www.fondazionebassetti.org\/en#\/schema\/logo\/image\/","url":"https:\/\/www.fondazionebassetti.org\/wp-content\/uploads\/2025\/09\/logo696x696.jpg","contentUrl":"https:\/\/www.fondazionebassetti.org\/wp-content\/uploads\/2025\/09\/logo696x696.jpg","width":696,"height":696,"caption":"Fondazione Giannino Bassetti ETS"},"image":{"@id":"https:\/\/www.fondazionebassetti.org\/en#\/schema\/logo\/image\/"}},{"@type":"Person","@id":"https:\/\/www.fondazionebassetti.org\/en#\/schema\/person\/168d0c230d9f804733495a1f3c8a758c","name":"Tommaso Correale Santacroce","url":"https:\/\/www.fondazionebassetti.org\/en\/author\/tommaso_correale_santacroce"}]}},"_links":{"self":[{"href":"https:\/\/www.fondazionebassetti.org\/en\/wp-json\/wp\/v2\/posts\/33675","targetHints":{"allow":["GET"]}}],"collection":[{"href":"https:\/\/www.fondazionebassetti.org\/en\/wp-json\/wp\/v2\/posts"}],"about":[{"href":"https:\/\/www.fondazionebassetti.org\/en\/wp-json\/wp\/v2\/types\/post"}],"author":[{"embeddable":true,"href":"https:\/\/www.fondazionebassetti.org\/en\/wp-json\/wp\/v2\/users\/16"}],"replies":[{"embeddable":true,"href":"https:\/\/www.fondazionebassetti.org\/en\/wp-json\/wp\/v2\/comments?post=33675"}],"version-history":[{"count":4,"href":"https:\/\/www.fondazionebassetti.org\/en\/wp-json\/wp\/v2\/posts\/33675\/revisions"}],"predecessor-version":[{"id":33943,"href":"https:\/\/www.fondazionebassetti.org\/en\/wp-json\/wp\/v2\/posts\/33675\/revisions\/33943"}],"wp:featuredmedia":[{"embeddable":true,"href":"https:\/\/www.fondazionebassetti.org\/en\/wp-json\/wp\/v2\/media\/33665"}],"wp:attachment":[{"href":"https:\/\/www.fondazionebassetti.org\/en\/wp-json\/wp\/v2\/media?parent=33675"}],"wp:term":[{"taxonomy":"category","embeddable":true,"href":"https:\/\/www.fondazionebassetti.org\/en\/wp-json\/wp\/v2\/categories?post=33675"},{"taxonomy":"post_tag","embeddable":true,"href":"https:\/\/www.fondazionebassetti.org\/en\/wp-json\/wp\/v2\/tags?post=33675"}],"curies":[{"name":"wp","href":"https:\/\/api.w.org\/{rel}","templated":true}]}}