
{"id":33671,"date":"2023-12-06T09:01:55","date_gmt":"2023-12-06T08:01:55","guid":{"rendered":"https:\/\/www.fondazionebassetti.org\/2023\/12\/comunicato_stampa_trentanni_di_fondazione_bassetti"},"modified":"2024-01-24T10:43:11","modified_gmt":"2024-01-24T09:43:11","slug":"comunicato_stampa_trentanni_di_fondazione_bassetti","status":"publish","type":"post","link":"https:\/\/www.fondazionebassetti.org\/en\/eventi_en\/2023\/12\/comunicato_stampa_trentanni_di_fondazione_bassetti","title":{"rendered":"Comunicato stampa &#8211; Trent&#8217;anni di Fondazione Bassetti"},"content":{"rendered":"<p style=\"text-align: center;\"><strong>La realizzazione dell\u2019improbabile<br \/>\n<\/strong><strong><u>Trent\u2019anni di Fondazione Giannino Bassetti<\/u><\/strong><\/p>\n<p style=\"text-align: center;\">Milano, luned\u00ec 18 dicembre, dalle 10.30 alle 13.00<br \/>\npresso MEET Digital Cultural Center &#8211; Viale Vittorio Veneto 2, Milano<\/p>\n<p style=\"text-align: center;\"><u>COMUNICATO STAMPA<\/u><\/p>\n<p>Milano, 5 dicembre 2023 &#8211; Sar\u00e0 l\u2019occasione per dare inizio al trentennale di Fondazione Giannino Bassetti l\u2019evento presso il MEET Digital Cultural Center di Milano. L\u2019atto costitutivo della Fondazione Giannino Bassetti risale infatti a marzo 1994. Da allora, scopo della Fondazione \u00e8 stato promuovere l\u2019esercizio responsabile dell\u2019innovazione, in ambito nazionale ed europeo. Un lavoro pionieristico riconosciuto a livello internazionale che oggi si conferma in tutta la sua potente attualit\u00e0.<\/p>\n<p>\u201cLa raggiunta capacit\u00e0 della tecnoscienza di disvelare non solo conoscenze, ma possibilit\u00e0 reali, \u00e8 la materia in questione: non la sola legittimazione a poterlo fare. Solo che, quando gli uomini sanno e possono di pi\u00f9, subito si scatena la lotta per stabilire verso quali fini il supplemento di potere cos\u00ec acquisito debba essere utilizzato\u201d, scrive Piero Bassetti nel suo <em>Oltre lo specchio di Alice<\/em> (Guerini ed.). Righe che sintetizzano l\u2019originalit\u00e0 dell\u2019approccio critico di Piero Bassetti e della Fondazione, che indaga la natura cangiante del sapere e i modi in cui esso modifica il potere. Perch\u00e9 l\u2019innovazione, aggregazione di sapere e potere attuativo, \u00e8 rischio e insieme opportunit\u00e0. Conduce in direzioni imprevedibili, nella sfera economica e sociale, nella tecnoscienza e nelle relazioni. Quello che Fondazione Giannino Bassetti da 30 anni definisce <strong>realizzazione dell\u2019improbabile<\/strong><\/p>\n<p>Di seguito il programma della mattinata in dettaglio<br \/>\n(<a href=\"https:\/\/www.fondazionebassetti.org\/wp-content\/uploads\/2023\/12\/Fondazione-Bassetti_30\u00b0-1994-2024_PROGRAMMA_digitale.pdf\" target=\"_blank\" rel=\"noopener\">Scaricalo in PDF<\/a>)<\/p>\n<p><strong>10:00 <\/strong>Welcome coffee<br \/>\n<strong>10:30 <\/strong>Introduzione di<strong> Maria Grazia Mattei<\/strong>, Fondatrice e Presidente di MEET, in dialogo con <strong>Francesco Samor\u00e8<\/strong>, Segretario generale di Fondazione Bassetti, e <strong>Massimo Russo<\/strong>, giornalista, autore di &#8216;Statosauri. Guida alla democrazia nell&#8217;era delle piattaforme&#8217;<br \/>\n<strong>10:40<\/strong> Intervento di <strong>Alessandro Fermi<\/strong>, Assessore alla Ricerca di Regione Lombardia<br \/>\n<strong>10:45<\/strong> Lettura dell\u2019attrice, regista e drammaturga <strong>Laura Curino<\/strong> da <em>Il Planetarista<br \/>\n<\/em><strong>11:00<\/strong> <em>La responsabilit\u00e0 di disporre di un nuovo sapere: Intelligenza Artificiale, <\/em><strong>Piero Bassetti<\/strong>, Presidente di Fondazione Giannino Bassetti<br \/>\n<strong>11:20<\/strong> <em>IA, generi e generazioni, <\/em>con <strong>Nicoletta Iacobacci<\/strong>, Women\u2019s Brain Project; <strong>Guido Romeo<\/strong>, giornalista, Sounding board Fondazione Bassetti; <strong>Veronica Barassi<\/strong>, autrice de <em>Figli dell&#8217;Algoritmo<\/em> e <strong>Stefano Epifani<\/strong>, Fondazione per la sostenibilit\u00e0 digitale. Modera <strong>Margherita Fronte<br \/>\n<\/strong>* Video-saluti da\u00a0David Guston, Arizona State University<br \/>\n<strong>11:50<\/strong> <em>Un nuovo patto sociale per il lavoro ai tempi dell&#8217;Intelligenza Artificiale. <\/em><strong>Annarosa Pesole<\/strong>, esperta di politiche digitali e del lavoro per la Commissione Europea e le Nazioni Unite<br \/>\n* Video-saluti da Sally Randles, Autrice di De-facto Responsible Innovation<br \/>\n<strong>12:00<\/strong> Saluti istituzionale del Presidente della Regione Lombardia <strong>Attilio Fontana<br \/>\n<\/strong><strong>12:10<\/strong> Saluti brevi di personalit\u00e0 della societ\u00e0 civile. <strong>Maria Cristina Ferradini<\/strong>, Fondazione Amplifon; <strong>Felice Scalvini<\/strong> DG di Fondazione Ravasi Garzanti; <strong>Mario Ferrario<\/strong>, CEO di Rule of Law &amp; Society; <strong>Fiorenzo Galli<\/strong>, Direttore del Museo Nazionale Scienza e Tecnologia Leonardo da Vinci; <strong>Massimiliano Tarantino<\/strong>, Direttore della Fondazione Giangiacomo Feltrinelli; <strong>Stefano Micelli<\/strong>, Upskill 4.0<br \/>\n* Video-saluti da Agnes Allansdottir, Universit\u00e0 degli Studi di Siena<br \/>\n<strong>12:30<\/strong> <strong>Giuseppe Testa<\/strong>, direttore del centro di neurogenomica di Human Technopole<br \/>\n* Video-saluti da Ren\u00e9 Von Schomberg, University of Aachen<br \/>\n<strong>12:40<\/strong><em> Horizon Open and Responsible Research and Innovation. Fondazione Bassetti in Europa. <\/em><strong>Angela Simone<\/strong>, International Initiatives Scientific Coordinator della Fondazione<br \/>\n<strong>13:00<\/strong> Saluti finali e ringraziamenti<br \/>\n<strong>13:15<\/strong> Brindisi<\/p>\n<p><strong>1994- 2024<br \/>\n<\/strong><strong>30 anni di Fondazione Giannino Bassetti<br \/>\n<\/strong><strong>Una storia <em>civile<\/em> tra innovazione, sapere, potere<\/strong><\/p>\n<p><strong>\u00a0<\/strong>\u201cInnovare \u00e8 il modo in cui sapere e potere si combinano per modificare la storia\u201d.\u00a0Alcuni anni fa Piero Bassetti rispondeva cos\u00ec alla domanda di ricondurre le sue esperienze a una filosofia ispiratrice. Tutto comincia in realt\u00e0 nel 1959, con il libro\u00a0<em>Le redini del potere<\/em>. Ed \u00e8 proprio nel rapporto tra sapere e potere, in un mondo profondamente innovato, che si spiega la genesi della Fondazione che dal 1994 si occupa di Responsabilit\u00e0 nell\u2019innovazione, impegnandosi a diffondere la consapevolezza che, <strong>in un mondo immerso nell\u2019innovazione, il rapporto tra mezzi e fini non \u00e8 un tema per soli tecnologi o imprenditori: \u00e8 l\u2019intera societ\u00e0 a doversene fare carico<\/strong>.<\/p>\n<p>Dagli anni Duemila la formula\u00a0<em>Responsible Innovation<\/em>\u00a0si \u00e8 diffusa negli Stati Uniti, in Unione Europea: nell\u2019ambito dei Programmi Quadro Europei di supporto alla ricerca e all\u2019innovazione, la Fondazione ha partecipato e guidato progetti di citizen e public engagement, co-creazione e Responsible Innovation, coinvolgendo citt\u00e0, regioni e aziende. Oggi coordina <em>Reinforcing<\/em>, il progetto che svilupper\u00e0 il central hub europeo della Open and Responsible Research and Innovation.<\/p>\n<p>Si tratti di scienze della vita o di intelligenza artificiale &#8211; in merito alla quale Fondazione Bassetti ha precorso i tempi partecipando al forum europeo di etica dell\u2019intelligenza artificiale nel 2017 &#8211; l\u2019assunto di partenza \u00e8 che, quando la capacit\u00e0 innovare \u00e8 superiore alla capacit\u00e0 di prevederne le conseguenze (impatto sulla societ\u00e0, priorit\u00e0 allocative delle risorse, digital divide) il confronto pubblico sia un processo non solo inevitabile, ma necessario.<\/p>\n<p>Come si legge nel libro <em>Guardare Oltre<\/em> (Carrocci, 2018) scritto da Francesco Samor\u00e8, attuale segretario della Fondazione: \u201c<em>In una fase storica di crisi, senz\u2019altro del mondo occidentale, in cui sono messi in discussione l\u2019appeal della ricchezza (come sola portatrice di status e di senso) e la capacit\u00e0 manageriale e tecnocratica di gestire processi collettivi; in cui <strong>l\u2019innovazione spalanca orizzonti di opportunit\u00e0 e di spaesamento, constatiamo ancora una volta che, da sola, la dea ragione non produce etica.<\/strong> Senza etica, va in crisi la politica<\/em>\u201d. Nasce cos\u00ec la domanda delle domande, l\u2019interrogativo guida di ogni attivit\u00e0 della Fondazione: \u201c<strong><em>a quale sapere andr\u00e0 il potere?<\/em><\/strong>\u201d.<\/p>\n<p>La risposta \u00e8 cercata nei tanti seminari e lectures, nelle attivit\u00e0 culturali in alleanza con altre fondazioni e universit\u00e0, nel networking tra istituzioni (la Fondazione \u00e8 partecipata da Regione Lombardia), comunit\u00e0 scientifica e societ\u00e0 civile; attivit\u00e0 in cui Fondazione Giannino Bassetti sprona alla presa di parola i protagonisti della ricerca, dell\u2019impresa e delle istituzioni, ovvero <strong>i portatori di responsabilit\u00e0<\/strong>. Perch\u00e9 si tratta, in definitiva, di sancire il primato dell\u2019innovatore sull\u2019innovazione, ch\u00e9 l\u2019innovatore, per primo, deve avere coscienza di operare in un mondo in cui le evoluzioni non sono determinate solo dal suo operato.<\/p>\n","protected":false},"excerpt":{"rendered":"<p>La realizzazione dell\u2019improbabile. Trent\u2019anni di Fondazione Giannino Bassetti &#8211; luned\u00ec 18 dicembre &#8211; presso MEET Digital Cultural Center di Milano<\/p>\n","protected":false},"author":16,"featured_media":32022,"comment_status":"closed","ping_status":"closed","sticky":false,"template":"","format":"standard","meta":{"_acf_changed":false,"mc4wp_mailchimp_campaign":[],"footnotes":""},"categories":[3761,2793,5289],"tags":[3933,5693,4316,4387,5468],"class_list":["post-33671","post","type-post","status-publish","format-standard","has-post-thumbnail","hentry","category-eventi_en","category-innovation_poiesis_intensive","category-segnalazioni_en","tag-redazione_fgb_en","tag-comunicato_stampa_en","tag-innovazione_poiesis_intensive_en","tag-innovazione_responsabile_en","tag-questo_sito_en"],"acf":[],"yoast_head":"<!-- This site is optimized with the Yoast SEO plugin v27.5 - https:\/\/yoast.com\/product\/yoast-seo-wordpress\/ -->\n<title>Comunicato stampa - Trent&#039;anni di Fondazione Bassetti - Fondazione Giannino Bassetti<\/title>\n<meta name=\"robots\" content=\"index, follow, max-snippet:-1, max-image-preview:large, max-video-preview:-1\" \/>\n<link rel=\"canonical\" href=\"https:\/\/www.fondazionebassetti.org\/en\/eventi_en\/2023\/12\/comunicato_stampa_trentanni_di_fondazione_bassetti\" \/>\n<meta property=\"og:locale\" content=\"en_US\" \/>\n<meta property=\"og:type\" content=\"article\" \/>\n<meta property=\"og:title\" content=\"Comunicato stampa - Trent&#039;anni di Fondazione Bassetti - Fondazione Giannino Bassetti\" \/>\n<meta property=\"og:description\" content=\"La realizzazione dell\u2019improbabile. Trent\u2019anni di Fondazione Giannino Bassetti - luned\u00ec 18 dicembre - presso MEET Digital Cultural Center di Milano\" \/>\n<meta property=\"og:url\" content=\"https:\/\/www.fondazionebassetti.org\/en\/eventi_en\/2023\/12\/comunicato_stampa_trentanni_di_fondazione_bassetti\" \/>\n<meta property=\"og:site_name\" content=\"Fondazione Giannino Bassetti\" \/>\n<meta property=\"article:published_time\" content=\"2023-12-06T08:01:55+00:00\" \/>\n<meta property=\"article:modified_time\" content=\"2024-01-24T09:43:11+00:00\" \/>\n<meta property=\"og:image\" content=\"https:\/\/www.fondazionebassetti.org\/wp-content\/uploads\/2023\/11\/SDT_18-dicembre_MEET-1024.jpg\" \/>\n\t<meta property=\"og:image:width\" content=\"1024\" \/>\n\t<meta property=\"og:image:height\" content=\"580\" \/>\n\t<meta property=\"og:image:type\" content=\"image\/jpeg\" \/>\n<meta name=\"author\" content=\"Tommaso Correale Santacroce\" \/>\n<meta name=\"twitter:card\" content=\"summary_large_image\" \/>\n<meta name=\"twitter:label1\" content=\"Written by\" \/>\n\t<meta name=\"twitter:data1\" content=\"Tommaso Correale Santacroce\" \/>\n\t<meta name=\"twitter:label2\" content=\"Est. reading time\" \/>\n\t<meta name=\"twitter:data2\" content=\"6 minutes\" \/>\n<script type=\"application\/ld+json\" class=\"yoast-schema-graph\">{\"@context\":\"https:\\\/\\\/schema.org\",\"@graph\":[{\"@type\":\"Article\",\"@id\":\"https:\\\/\\\/www.fondazionebassetti.org\\\/en\\\/eventi_en\\\/2023\\\/12\\\/comunicato_stampa_trentanni_di_fondazione_bassetti#article\",\"isPartOf\":{\"@id\":\"https:\\\/\\\/www.fondazionebassetti.org\\\/en\\\/eventi_en\\\/2023\\\/12\\\/comunicato_stampa_trentanni_di_fondazione_bassetti\"},\"author\":{\"name\":\"Tommaso Correale Santacroce\",\"@id\":\"https:\\\/\\\/www.fondazionebassetti.org\\\/en#\\\/schema\\\/person\\\/168d0c230d9f804733495a1f3c8a758c\"},\"headline\":\"Comunicato stampa &#8211; Trent&#8217;anni di Fondazione Bassetti\",\"datePublished\":\"2023-12-06T08:01:55+00:00\",\"dateModified\":\"2024-01-24T09:43:11+00:00\",\"mainEntityOfPage\":{\"@id\":\"https:\\\/\\\/www.fondazionebassetti.org\\\/en\\\/eventi_en\\\/2023\\\/12\\\/comunicato_stampa_trentanni_di_fondazione_bassetti\"},\"wordCount\":968,\"publisher\":{\"@id\":\"https:\\\/\\\/www.fondazionebassetti.org\\\/en#organization\"},\"image\":{\"@id\":\"https:\\\/\\\/www.fondazionebassetti.org\\\/en\\\/eventi_en\\\/2023\\\/12\\\/comunicato_stampa_trentanni_di_fondazione_bassetti#primaryimage\"},\"thumbnailUrl\":\"https:\\\/\\\/www.fondazionebassetti.org\\\/wp-content\\\/uploads\\\/2023\\\/11\\\/SDT_18-dicembre_MEET-1024.jpg\",\"keywords\":[\"@Redazione FGB\",\"comunicato stampa\",\"innovazione poiesis intensive\",\"innovazione responsabile\",\"Questo sito\"],\"articleSection\":[\"Eventi\",\"Innovation Poiesis Intensive\",\"News\"],\"inLanguage\":\"en-US\"},{\"@type\":\"WebPage\",\"@id\":\"https:\\\/\\\/www.fondazionebassetti.org\\\/en\\\/eventi_en\\\/2023\\\/12\\\/comunicato_stampa_trentanni_di_fondazione_bassetti\",\"url\":\"https:\\\/\\\/www.fondazionebassetti.org\\\/en\\\/eventi_en\\\/2023\\\/12\\\/comunicato_stampa_trentanni_di_fondazione_bassetti\",\"name\":\"Comunicato stampa - Trent'anni di Fondazione Bassetti - Fondazione Giannino Bassetti\",\"isPartOf\":{\"@id\":\"https:\\\/\\\/www.fondazionebassetti.org\\\/en#website\"},\"primaryImageOfPage\":{\"@id\":\"https:\\\/\\\/www.fondazionebassetti.org\\\/en\\\/eventi_en\\\/2023\\\/12\\\/comunicato_stampa_trentanni_di_fondazione_bassetti#primaryimage\"},\"image\":{\"@id\":\"https:\\\/\\\/www.fondazionebassetti.org\\\/en\\\/eventi_en\\\/2023\\\/12\\\/comunicato_stampa_trentanni_di_fondazione_bassetti#primaryimage\"},\"thumbnailUrl\":\"https:\\\/\\\/www.fondazionebassetti.org\\\/wp-content\\\/uploads\\\/2023\\\/11\\\/SDT_18-dicembre_MEET-1024.jpg\",\"datePublished\":\"2023-12-06T08:01:55+00:00\",\"dateModified\":\"2024-01-24T09:43:11+00:00\",\"breadcrumb\":{\"@id\":\"https:\\\/\\\/www.fondazionebassetti.org\\\/en\\\/eventi_en\\\/2023\\\/12\\\/comunicato_stampa_trentanni_di_fondazione_bassetti#breadcrumb\"},\"inLanguage\":\"en-US\",\"potentialAction\":[{\"@type\":\"ReadAction\",\"target\":[\"https:\\\/\\\/www.fondazionebassetti.org\\\/en\\\/eventi_en\\\/2023\\\/12\\\/comunicato_stampa_trentanni_di_fondazione_bassetti\"]}]},{\"@type\":\"ImageObject\",\"inLanguage\":\"en-US\",\"@id\":\"https:\\\/\\\/www.fondazionebassetti.org\\\/en\\\/eventi_en\\\/2023\\\/12\\\/comunicato_stampa_trentanni_di_fondazione_bassetti#primaryimage\",\"url\":\"https:\\\/\\\/www.fondazionebassetti.org\\\/wp-content\\\/uploads\\\/2023\\\/11\\\/SDT_18-dicembre_MEET-1024.jpg\",\"contentUrl\":\"https:\\\/\\\/www.fondazionebassetti.org\\\/wp-content\\\/uploads\\\/2023\\\/11\\\/SDT_18-dicembre_MEET-1024.jpg\",\"width\":1024,\"height\":580},{\"@type\":\"BreadcrumbList\",\"@id\":\"https:\\\/\\\/www.fondazionebassetti.org\\\/en\\\/eventi_en\\\/2023\\\/12\\\/comunicato_stampa_trentanni_di_fondazione_bassetti#breadcrumb\",\"itemListElement\":[{\"@type\":\"ListItem\",\"position\":1,\"name\":\"Home\",\"item\":\"https:\\\/\\\/www.fondazionebassetti.org\\\/en\"},{\"@type\":\"ListItem\",\"position\":2,\"name\":\"Comunicato stampa &#8211; Trent&#8217;anni di Fondazione Bassetti\"}]},{\"@type\":\"WebSite\",\"@id\":\"https:\\\/\\\/www.fondazionebassetti.org\\\/en#website\",\"url\":\"https:\\\/\\\/www.fondazionebassetti.org\\\/en\",\"name\":\"Fondazione Giannino Bassetti\",\"description\":\"Fondazione Giannino Bassetti\",\"publisher\":{\"@id\":\"https:\\\/\\\/www.fondazionebassetti.org\\\/en#organization\"},\"alternateName\":\"FGB\",\"potentialAction\":[{\"@type\":\"SearchAction\",\"target\":{\"@type\":\"EntryPoint\",\"urlTemplate\":\"https:\\\/\\\/www.fondazionebassetti.org\\\/en?s={search_term_string}\"},\"query-input\":{\"@type\":\"PropertyValueSpecification\",\"valueRequired\":true,\"valueName\":\"search_term_string\"}}],\"inLanguage\":\"en-US\"},{\"@type\":\"Organization\",\"@id\":\"https:\\\/\\\/www.fondazionebassetti.org\\\/en#organization\",\"name\":\"Fondazione Giannino Bassetti ETS\",\"alternateName\":\"FGB\",\"url\":\"https:\\\/\\\/www.fondazionebassetti.org\\\/en\",\"logo\":{\"@type\":\"ImageObject\",\"inLanguage\":\"en-US\",\"@id\":\"https:\\\/\\\/www.fondazionebassetti.org\\\/en#\\\/schema\\\/logo\\\/image\\\/\",\"url\":\"https:\\\/\\\/www.fondazionebassetti.org\\\/wp-content\\\/uploads\\\/2025\\\/09\\\/logo696x696.jpg\",\"contentUrl\":\"https:\\\/\\\/www.fondazionebassetti.org\\\/wp-content\\\/uploads\\\/2025\\\/09\\\/logo696x696.jpg\",\"width\":696,\"height\":696,\"caption\":\"Fondazione Giannino Bassetti ETS\"},\"image\":{\"@id\":\"https:\\\/\\\/www.fondazionebassetti.org\\\/en#\\\/schema\\\/logo\\\/image\\\/\"}},{\"@type\":\"Person\",\"@id\":\"https:\\\/\\\/www.fondazionebassetti.org\\\/en#\\\/schema\\\/person\\\/168d0c230d9f804733495a1f3c8a758c\",\"name\":\"Tommaso Correale Santacroce\",\"url\":\"https:\\\/\\\/www.fondazionebassetti.org\\\/en\\\/author\\\/tommaso_correale_santacroce\"}]}<\/script>\n<!-- \/ Yoast SEO plugin. -->","yoast_head_json":{"title":"Comunicato stampa - Trent'anni di Fondazione Bassetti - Fondazione Giannino Bassetti","robots":{"index":"index","follow":"follow","max-snippet":"max-snippet:-1","max-image-preview":"max-image-preview:large","max-video-preview":"max-video-preview:-1"},"canonical":"https:\/\/www.fondazionebassetti.org\/en\/eventi_en\/2023\/12\/comunicato_stampa_trentanni_di_fondazione_bassetti","og_locale":"en_US","og_type":"article","og_title":"Comunicato stampa - Trent'anni di Fondazione Bassetti - Fondazione Giannino Bassetti","og_description":"La realizzazione dell\u2019improbabile. Trent\u2019anni di Fondazione Giannino Bassetti - luned\u00ec 18 dicembre - presso MEET Digital Cultural Center di Milano","og_url":"https:\/\/www.fondazionebassetti.org\/en\/eventi_en\/2023\/12\/comunicato_stampa_trentanni_di_fondazione_bassetti","og_site_name":"Fondazione Giannino Bassetti","article_published_time":"2023-12-06T08:01:55+00:00","article_modified_time":"2024-01-24T09:43:11+00:00","og_image":[{"width":1024,"height":580,"url":"https:\/\/www.fondazionebassetti.org\/wp-content\/uploads\/2023\/11\/SDT_18-dicembre_MEET-1024.jpg","type":"image\/jpeg"}],"author":"Tommaso Correale Santacroce","twitter_card":"summary_large_image","twitter_misc":{"Written by":"Tommaso Correale Santacroce","Est. reading time":"6 minutes"},"schema":{"@context":"https:\/\/schema.org","@graph":[{"@type":"Article","@id":"https:\/\/www.fondazionebassetti.org\/en\/eventi_en\/2023\/12\/comunicato_stampa_trentanni_di_fondazione_bassetti#article","isPartOf":{"@id":"https:\/\/www.fondazionebassetti.org\/en\/eventi_en\/2023\/12\/comunicato_stampa_trentanni_di_fondazione_bassetti"},"author":{"name":"Tommaso Correale Santacroce","@id":"https:\/\/www.fondazionebassetti.org\/en#\/schema\/person\/168d0c230d9f804733495a1f3c8a758c"},"headline":"Comunicato stampa &#8211; Trent&#8217;anni di Fondazione Bassetti","datePublished":"2023-12-06T08:01:55+00:00","dateModified":"2024-01-24T09:43:11+00:00","mainEntityOfPage":{"@id":"https:\/\/www.fondazionebassetti.org\/en\/eventi_en\/2023\/12\/comunicato_stampa_trentanni_di_fondazione_bassetti"},"wordCount":968,"publisher":{"@id":"https:\/\/www.fondazionebassetti.org\/en#organization"},"image":{"@id":"https:\/\/www.fondazionebassetti.org\/en\/eventi_en\/2023\/12\/comunicato_stampa_trentanni_di_fondazione_bassetti#primaryimage"},"thumbnailUrl":"https:\/\/www.fondazionebassetti.org\/wp-content\/uploads\/2023\/11\/SDT_18-dicembre_MEET-1024.jpg","keywords":["@Redazione FGB","comunicato stampa","innovazione poiesis intensive","innovazione responsabile","Questo sito"],"articleSection":["Eventi","Innovation Poiesis Intensive","News"],"inLanguage":"en-US"},{"@type":"WebPage","@id":"https:\/\/www.fondazionebassetti.org\/en\/eventi_en\/2023\/12\/comunicato_stampa_trentanni_di_fondazione_bassetti","url":"https:\/\/www.fondazionebassetti.org\/en\/eventi_en\/2023\/12\/comunicato_stampa_trentanni_di_fondazione_bassetti","name":"Comunicato stampa - Trent'anni di Fondazione Bassetti - Fondazione Giannino Bassetti","isPartOf":{"@id":"https:\/\/www.fondazionebassetti.org\/en#website"},"primaryImageOfPage":{"@id":"https:\/\/www.fondazionebassetti.org\/en\/eventi_en\/2023\/12\/comunicato_stampa_trentanni_di_fondazione_bassetti#primaryimage"},"image":{"@id":"https:\/\/www.fondazionebassetti.org\/en\/eventi_en\/2023\/12\/comunicato_stampa_trentanni_di_fondazione_bassetti#primaryimage"},"thumbnailUrl":"https:\/\/www.fondazionebassetti.org\/wp-content\/uploads\/2023\/11\/SDT_18-dicembre_MEET-1024.jpg","datePublished":"2023-12-06T08:01:55+00:00","dateModified":"2024-01-24T09:43:11+00:00","breadcrumb":{"@id":"https:\/\/www.fondazionebassetti.org\/en\/eventi_en\/2023\/12\/comunicato_stampa_trentanni_di_fondazione_bassetti#breadcrumb"},"inLanguage":"en-US","potentialAction":[{"@type":"ReadAction","target":["https:\/\/www.fondazionebassetti.org\/en\/eventi_en\/2023\/12\/comunicato_stampa_trentanni_di_fondazione_bassetti"]}]},{"@type":"ImageObject","inLanguage":"en-US","@id":"https:\/\/www.fondazionebassetti.org\/en\/eventi_en\/2023\/12\/comunicato_stampa_trentanni_di_fondazione_bassetti#primaryimage","url":"https:\/\/www.fondazionebassetti.org\/wp-content\/uploads\/2023\/11\/SDT_18-dicembre_MEET-1024.jpg","contentUrl":"https:\/\/www.fondazionebassetti.org\/wp-content\/uploads\/2023\/11\/SDT_18-dicembre_MEET-1024.jpg","width":1024,"height":580},{"@type":"BreadcrumbList","@id":"https:\/\/www.fondazionebassetti.org\/en\/eventi_en\/2023\/12\/comunicato_stampa_trentanni_di_fondazione_bassetti#breadcrumb","itemListElement":[{"@type":"ListItem","position":1,"name":"Home","item":"https:\/\/www.fondazionebassetti.org\/en"},{"@type":"ListItem","position":2,"name":"Comunicato stampa &#8211; Trent&#8217;anni di Fondazione Bassetti"}]},{"@type":"WebSite","@id":"https:\/\/www.fondazionebassetti.org\/en#website","url":"https:\/\/www.fondazionebassetti.org\/en","name":"Fondazione Giannino Bassetti","description":"Fondazione Giannino Bassetti","publisher":{"@id":"https:\/\/www.fondazionebassetti.org\/en#organization"},"alternateName":"FGB","potentialAction":[{"@type":"SearchAction","target":{"@type":"EntryPoint","urlTemplate":"https:\/\/www.fondazionebassetti.org\/en?s={search_term_string}"},"query-input":{"@type":"PropertyValueSpecification","valueRequired":true,"valueName":"search_term_string"}}],"inLanguage":"en-US"},{"@type":"Organization","@id":"https:\/\/www.fondazionebassetti.org\/en#organization","name":"Fondazione Giannino Bassetti ETS","alternateName":"FGB","url":"https:\/\/www.fondazionebassetti.org\/en","logo":{"@type":"ImageObject","inLanguage":"en-US","@id":"https:\/\/www.fondazionebassetti.org\/en#\/schema\/logo\/image\/","url":"https:\/\/www.fondazionebassetti.org\/wp-content\/uploads\/2025\/09\/logo696x696.jpg","contentUrl":"https:\/\/www.fondazionebassetti.org\/wp-content\/uploads\/2025\/09\/logo696x696.jpg","width":696,"height":696,"caption":"Fondazione Giannino Bassetti ETS"},"image":{"@id":"https:\/\/www.fondazionebassetti.org\/en#\/schema\/logo\/image\/"}},{"@type":"Person","@id":"https:\/\/www.fondazionebassetti.org\/en#\/schema\/person\/168d0c230d9f804733495a1f3c8a758c","name":"Tommaso Correale Santacroce","url":"https:\/\/www.fondazionebassetti.org\/en\/author\/tommaso_correale_santacroce"}]}},"_links":{"self":[{"href":"https:\/\/www.fondazionebassetti.org\/en\/wp-json\/wp\/v2\/posts\/33671","targetHints":{"allow":["GET"]}}],"collection":[{"href":"https:\/\/www.fondazionebassetti.org\/en\/wp-json\/wp\/v2\/posts"}],"about":[{"href":"https:\/\/www.fondazionebassetti.org\/en\/wp-json\/wp\/v2\/types\/post"}],"author":[{"embeddable":true,"href":"https:\/\/www.fondazionebassetti.org\/en\/wp-json\/wp\/v2\/users\/16"}],"replies":[{"embeddable":true,"href":"https:\/\/www.fondazionebassetti.org\/en\/wp-json\/wp\/v2\/comments?post=33671"}],"version-history":[{"count":1,"href":"https:\/\/www.fondazionebassetti.org\/en\/wp-json\/wp\/v2\/posts\/33671\/revisions"}],"predecessor-version":[{"id":33673,"href":"https:\/\/www.fondazionebassetti.org\/en\/wp-json\/wp\/v2\/posts\/33671\/revisions\/33673"}],"wp:featuredmedia":[{"embeddable":true,"href":"https:\/\/www.fondazionebassetti.org\/en\/wp-json\/wp\/v2\/media\/32022"}],"wp:attachment":[{"href":"https:\/\/www.fondazionebassetti.org\/en\/wp-json\/wp\/v2\/media?parent=33671"}],"wp:term":[{"taxonomy":"category","embeddable":true,"href":"https:\/\/www.fondazionebassetti.org\/en\/wp-json\/wp\/v2\/categories?post=33671"},{"taxonomy":"post_tag","embeddable":true,"href":"https:\/\/www.fondazionebassetti.org\/en\/wp-json\/wp\/v2\/tags?post=33671"}],"curies":[{"name":"wp","href":"https:\/\/api.w.org\/{rel}","templated":true}]}}