
{"id":33404,"date":"2023-12-18T16:30:18","date_gmt":"2023-12-18T15:30:18","guid":{"rendered":"https:\/\/www.fondazionebassetti.org\/2023\/12\/la_realizzazione_dellimprobabile_3_4"},"modified":"2024-01-16T17:57:42","modified_gmt":"2024-01-16T16:57:42","slug":"la_realizzazione_dellimprobabile_3_4","status":"publish","type":"post","link":"https:\/\/www.fondazionebassetti.org\/en\/video\/2023\/12\/la_realizzazione_dellimprobabile_3_4","title":{"rendered":"La realizzazione dell&#8217;improbabile &#8211; 3\/4"},"content":{"rendered":"<p><!-- <iframe src=\"https:\/\/player.vimeo.com\/video\/897411968\" frameborder=\"0\" allow=\"autoplay; fullscreen; picture-in-picture\" allowfullscreen><\/iframe> --><\/p>\n<p><em>Event<\/em>: La realizzazione dell&#8217;improbabile &#8211; Trent\u2019anni di Fondazione Giannino Bassetti<!--\n<em><span data-mce-type=\"bookmark\" style=\"display: inline-block; width: 0px; overflow: hidden; line-height: 0;\" class=\"mce_SELRES_end\"><\/span>Title<\/em>: ... --><br \/>\n<em>Date<\/em>: 2023 12 18<br \/>\n<em>Time<\/em>: 35:11 min.<br \/>\n<em>Place<\/em>: MEET Digital Culture Center &#8211; Milano.<br \/>\n<em>Language<\/em>: Italiano.<br \/>\n<em>Part<\/em>: 3\/4<br \/>\n<em>url Vimeo<\/em>: <a title=\"FGB on Vimeo\" href=\"https:\/\/vimeo.com\/897411968\">https:\/\/vimeo.com\/897411968<\/a><br \/>\n<em>Photos<\/em>: <a title=\"FGB on Flickr\" href=\"https:\/\/www.flickr.com\/photos\/fondazionebassetti\/albums\/72177720313532025\">Album in Flickr<\/a>.<br \/>\n<em>Podcast<\/em>: la <a title=\"Anchor FM - I Dialoghi di Fondazione Bassetti\" href=\"https:\/\/podcasters.spotify.com\/pod\/show\/fondazione-giannino-bassetti\/episodes\/La-realizzazione-dellimprobabile---34-e2e6ps7\">singola parte<\/a> 3 di 4, la <a title=\"Anchor FM\/Spotify - I Dialoghi di Fondazione Bassetti\" href=\"https:\/\/podcasters.spotify.com\/pod\/show\/fondazione-giannino-bassetti\/episodes\/La-realizzazione-dellimprobabile---versione-integrale-e2e6puq\">versione integrale<\/a> e la <a title=\"Spotify\" href=\"https:\/\/open.spotify.com\/playlist\/2gq0cHHMdDywGzE18CCYiq?si=ZQvq4lqFRV2CzZU9Ed2A5Q\">playlist (in Spotify)<\/a><br \/>\n<em>Post<\/em>: <a title=\"FGB Focus\" href=\"https:\/\/www.fondazionebassetti.org\/archi_vivo\/2024\/01\/la_realizzazione_dellimprobabile\">La realizzazione dell&#8217;improbabile<\/a>.<\/p>\n<p><em>Contents<\/em>:<\/p>\n<p>Video-saluti da:<br \/>\n<strong>David Guston<\/strong>, Arizona State University<\/p>\n<p>&#8220;<em>Un nuovo patto sociale per il lavoro ai tempi dell\u2019Intelligenza Artificiale<\/em>&#8220;. Intervento di:<br \/>\n<strong>Annarosa Pesole<\/strong>, esperta di politiche digitali e del lavoro per la Commissione Europea e le Nazioni Unite<\/p>\n<p>Video-saluti da:<br \/>\n<strong>Sally Randles<\/strong>, Autrice di De-facto Responsible Innovation<\/p>\n<p>Saluti istituzionali:<br \/>\n<strong>Attilio Fontana<\/strong>, Presidente della Regione Lombardia<br \/>\n<strong>Lamberto Bertol\u00e8<\/strong>, Assessore al Welfare e Salute del Comune di Milano<br \/>\n<strong>Raffaele Cattaneo<\/strong>, Consigliere di Regione Lombardia<\/p>\n<p><em>Il 18 dicembre 2023 Fondazione Bassetti ha dato il via al suo trentennale con un evento ospitato al MEET di Milano: \u201cLa realizzazione dell\u2019improbabile \u2013 30 anni di Fondazione Giannino Bassetti\u201d. Una mattinata densa che, secondo le parole conclusive del presidente Piero Bassetti, ha collezionato pi\u00f9 domande che risposte, ma che ha comunque indicato una direzione per il lavoro della Fondazione nei prossimi anni.<\/em><\/p>\n<p>Parte 3 di 4<\/p>\n","protected":false},"excerpt":{"rendered":"<p>Event: La realizzazione dell&#8217;improbabile &#8211; Trent\u2019anni di Fondazione Giannino Bassetti Date: 2023 12 18 Time: 35:11 min. Place: MEET Digital Culture Center &#8211; Milano. Language: Italiano. Part: 3\/4 url Vimeo: https:\/\/vimeo.com\/897411968 Photos: Album in Flickr. Podcast: la singola parte 3 di 4, la versione integrale e la playlist (in Spotify) Post: La realizzazione dell&#8217;improbabile. Contents: <a href=\"https:\/\/www.fondazionebassetti.org\/en\/video\/2023\/12\/la_realizzazione_dellimprobabile_3_4\" class=\"more-link\">&#8230;<span class=\"screen-reader-text\">  La realizzazione dell&#8217;improbabile &#8211; 3\/4<\/span><\/a><\/p>\n","protected":false},"author":16,"featured_media":33237,"comment_status":"closed","ping_status":"closed","sticky":false,"template":"","format":"standard","meta":{"_acf_changed":false,"mc4wp_mailchimp_campaign":[],"footnotes":""},"categories":[5295,2793,5682,5293,5294,1418],"tags":[5683,5684,4096,5685,4981,4677,4176,3931,5346,5615],"class_list":["post-33404","post","type-post","status-publish","format-standard","has-post-thumbnail","hentry","category-governance_and_statehood_en","category-innovation_poiesis_intensive","category-la_realizzazione_dellimprobabile_en","category-technoscience_and_life_sciences_en","category-transformation_of_business_en","category-video","tag-annarosa_pesole_en","tag-attilio_fontana_en","tag-david_guston_en","tag-lamberto_bertole_en","tag-raffaele_cattaneo_en","tag-sally_randles_en","tag-eventi_en","tag-governance_en","tag-innovazione_e_responsabilita_en","tag-responsabilita_e_innovazione_en"],"acf":[],"yoast_head":"<!-- This site is optimized with the Yoast SEO plugin v27.5 - https:\/\/yoast.com\/product\/yoast-seo-wordpress\/ -->\n<title>La realizzazione dell&#039;improbabile - 3\/4 - Fondazione Giannino Bassetti<\/title>\n<meta name=\"robots\" content=\"index, follow, max-snippet:-1, max-image-preview:large, max-video-preview:-1\" \/>\n<link rel=\"canonical\" href=\"https:\/\/www.fondazionebassetti.org\/en\/video\/2023\/12\/la_realizzazione_dellimprobabile_3_4\" \/>\n<meta property=\"og:locale\" content=\"en_US\" \/>\n<meta property=\"og:type\" content=\"article\" \/>\n<meta property=\"og:title\" content=\"La realizzazione dell&#039;improbabile - 3\/4 - Fondazione Giannino Bassetti\" \/>\n<meta property=\"og:description\" content=\"Event: La realizzazione dell&#8217;improbabile &#8211; Trent\u2019anni di Fondazione Giannino Bassetti Date: 2023 12 18 Time: 35:11 min. Place: MEET Digital Culture Center &#8211; Milano. Language: Italiano. Part: 3\/4 url Vimeo: https:\/\/vimeo.com\/897411968 Photos: Album in Flickr. Podcast: la singola parte 3 di 4, la versione integrale e la playlist (in Spotify) Post: La realizzazione dell&#8217;improbabile. Contents: ... La realizzazione dell&#8217;improbabile &#8211; 3\/4\" \/>\n<meta property=\"og:url\" content=\"https:\/\/www.fondazionebassetti.org\/en\/video\/2023\/12\/la_realizzazione_dellimprobabile_3_4\" \/>\n<meta property=\"og:site_name\" content=\"Fondazione Giannino Bassetti\" \/>\n<meta property=\"article:published_time\" content=\"2023-12-18T15:30:18+00:00\" \/>\n<meta property=\"article:modified_time\" content=\"2024-01-16T16:57:42+00:00\" \/>\n<meta property=\"og:image\" content=\"https:\/\/www.fondazionebassetti.org\/wp-content\/uploads\/2024\/01\/30esimo-1024x580-1.jpg\" \/>\n\t<meta property=\"og:image:width\" content=\"1024\" \/>\n\t<meta property=\"og:image:height\" content=\"580\" \/>\n\t<meta property=\"og:image:type\" content=\"image\/jpeg\" \/>\n<meta name=\"author\" content=\"Tommaso Correale Santacroce\" \/>\n<meta name=\"twitter:card\" content=\"summary_large_image\" \/>\n<meta name=\"twitter:label1\" content=\"Written by\" \/>\n\t<meta name=\"twitter:data1\" content=\"Tommaso Correale Santacroce\" \/>\n\t<meta name=\"twitter:label2\" content=\"Est. reading time\" \/>\n\t<meta name=\"twitter:data2\" content=\"2 minutes\" \/>\n<script type=\"application\/ld+json\" class=\"yoast-schema-graph\">{\"@context\":\"https:\\\/\\\/schema.org\",\"@graph\":[{\"@type\":\"Article\",\"@id\":\"https:\\\/\\\/www.fondazionebassetti.org\\\/en\\\/video\\\/2023\\\/12\\\/la_realizzazione_dellimprobabile_3_4#article\",\"isPartOf\":{\"@id\":\"https:\\\/\\\/www.fondazionebassetti.org\\\/en\\\/video\\\/2023\\\/12\\\/la_realizzazione_dellimprobabile_3_4\"},\"author\":{\"name\":\"Tommaso Correale Santacroce\",\"@id\":\"https:\\\/\\\/www.fondazionebassetti.org\\\/en#\\\/schema\\\/person\\\/168d0c230d9f804733495a1f3c8a758c\"},\"headline\":\"La realizzazione dell&#8217;improbabile &#8211; 3\\\/4\",\"datePublished\":\"2023-12-18T15:30:18+00:00\",\"dateModified\":\"2024-01-16T16:57:42+00:00\",\"mainEntityOfPage\":{\"@id\":\"https:\\\/\\\/www.fondazionebassetti.org\\\/en\\\/video\\\/2023\\\/12\\\/la_realizzazione_dellimprobabile_3_4\"},\"wordCount\":193,\"publisher\":{\"@id\":\"https:\\\/\\\/www.fondazionebassetti.org\\\/en#organization\"},\"image\":{\"@id\":\"https:\\\/\\\/www.fondazionebassetti.org\\\/en\\\/video\\\/2023\\\/12\\\/la_realizzazione_dellimprobabile_3_4#primaryimage\"},\"thumbnailUrl\":\"https:\\\/\\\/www.fondazionebassetti.org\\\/wp-content\\\/uploads\\\/2024\\\/01\\\/30esimo-1024x580-1.jpg\",\"keywords\":[\"@Annarosa Pesole\",\"@Attilio Fontana\",\"@David Guston\",\"@Lamberto Bertol\u00e8\",\"@Raffaele Cattaneo\",\"@Sally Randles\",\"eventi\",\"governance\",\"Innovazione e Responsabilit\u00e0\",\"responsabilit\u00e0 e innovazione\"],\"articleSection\":[\"Governance and statehood\",\"Innovation Poiesis Intensive\",\"La realizzazione dell\u2019improbabile\",\"Technoscience and life sciences\",\"Transformation of business\",\"Video\"],\"inLanguage\":\"en-US\"},{\"@type\":\"WebPage\",\"@id\":\"https:\\\/\\\/www.fondazionebassetti.org\\\/en\\\/video\\\/2023\\\/12\\\/la_realizzazione_dellimprobabile_3_4\",\"url\":\"https:\\\/\\\/www.fondazionebassetti.org\\\/en\\\/video\\\/2023\\\/12\\\/la_realizzazione_dellimprobabile_3_4\",\"name\":\"La realizzazione dell'improbabile - 3\\\/4 - Fondazione Giannino Bassetti\",\"isPartOf\":{\"@id\":\"https:\\\/\\\/www.fondazionebassetti.org\\\/en#website\"},\"primaryImageOfPage\":{\"@id\":\"https:\\\/\\\/www.fondazionebassetti.org\\\/en\\\/video\\\/2023\\\/12\\\/la_realizzazione_dellimprobabile_3_4#primaryimage\"},\"image\":{\"@id\":\"https:\\\/\\\/www.fondazionebassetti.org\\\/en\\\/video\\\/2023\\\/12\\\/la_realizzazione_dellimprobabile_3_4#primaryimage\"},\"thumbnailUrl\":\"https:\\\/\\\/www.fondazionebassetti.org\\\/wp-content\\\/uploads\\\/2024\\\/01\\\/30esimo-1024x580-1.jpg\",\"datePublished\":\"2023-12-18T15:30:18+00:00\",\"dateModified\":\"2024-01-16T16:57:42+00:00\",\"breadcrumb\":{\"@id\":\"https:\\\/\\\/www.fondazionebassetti.org\\\/en\\\/video\\\/2023\\\/12\\\/la_realizzazione_dellimprobabile_3_4#breadcrumb\"},\"inLanguage\":\"en-US\",\"potentialAction\":[{\"@type\":\"ReadAction\",\"target\":[\"https:\\\/\\\/www.fondazionebassetti.org\\\/en\\\/video\\\/2023\\\/12\\\/la_realizzazione_dellimprobabile_3_4\"]}]},{\"@type\":\"ImageObject\",\"inLanguage\":\"en-US\",\"@id\":\"https:\\\/\\\/www.fondazionebassetti.org\\\/en\\\/video\\\/2023\\\/12\\\/la_realizzazione_dellimprobabile_3_4#primaryimage\",\"url\":\"https:\\\/\\\/www.fondazionebassetti.org\\\/wp-content\\\/uploads\\\/2024\\\/01\\\/30esimo-1024x580-1.jpg\",\"contentUrl\":\"https:\\\/\\\/www.fondazionebassetti.org\\\/wp-content\\\/uploads\\\/2024\\\/01\\\/30esimo-1024x580-1.jpg\",\"width\":1024,\"height\":580},{\"@type\":\"BreadcrumbList\",\"@id\":\"https:\\\/\\\/www.fondazionebassetti.org\\\/en\\\/video\\\/2023\\\/12\\\/la_realizzazione_dellimprobabile_3_4#breadcrumb\",\"itemListElement\":[{\"@type\":\"ListItem\",\"position\":1,\"name\":\"Home\",\"item\":\"https:\\\/\\\/www.fondazionebassetti.org\\\/en\"},{\"@type\":\"ListItem\",\"position\":2,\"name\":\"La realizzazione dell&#8217;improbabile &#8211; 3\\\/4\"}]},{\"@type\":\"WebSite\",\"@id\":\"https:\\\/\\\/www.fondazionebassetti.org\\\/en#website\",\"url\":\"https:\\\/\\\/www.fondazionebassetti.org\\\/en\",\"name\":\"Fondazione Giannino Bassetti\",\"description\":\"Fondazione Giannino Bassetti\",\"publisher\":{\"@id\":\"https:\\\/\\\/www.fondazionebassetti.org\\\/en#organization\"},\"alternateName\":\"FGB\",\"potentialAction\":[{\"@type\":\"SearchAction\",\"target\":{\"@type\":\"EntryPoint\",\"urlTemplate\":\"https:\\\/\\\/www.fondazionebassetti.org\\\/en?s={search_term_string}\"},\"query-input\":{\"@type\":\"PropertyValueSpecification\",\"valueRequired\":true,\"valueName\":\"search_term_string\"}}],\"inLanguage\":\"en-US\"},{\"@type\":\"Organization\",\"@id\":\"https:\\\/\\\/www.fondazionebassetti.org\\\/en#organization\",\"name\":\"Fondazione Giannino Bassetti ETS\",\"alternateName\":\"FGB\",\"url\":\"https:\\\/\\\/www.fondazionebassetti.org\\\/en\",\"logo\":{\"@type\":\"ImageObject\",\"inLanguage\":\"en-US\",\"@id\":\"https:\\\/\\\/www.fondazionebassetti.org\\\/en#\\\/schema\\\/logo\\\/image\\\/\",\"url\":\"https:\\\/\\\/www.fondazionebassetti.org\\\/wp-content\\\/uploads\\\/2025\\\/09\\\/logo696x696.jpg\",\"contentUrl\":\"https:\\\/\\\/www.fondazionebassetti.org\\\/wp-content\\\/uploads\\\/2025\\\/09\\\/logo696x696.jpg\",\"width\":696,\"height\":696,\"caption\":\"Fondazione Giannino Bassetti ETS\"},\"image\":{\"@id\":\"https:\\\/\\\/www.fondazionebassetti.org\\\/en#\\\/schema\\\/logo\\\/image\\\/\"}},{\"@type\":\"Person\",\"@id\":\"https:\\\/\\\/www.fondazionebassetti.org\\\/en#\\\/schema\\\/person\\\/168d0c230d9f804733495a1f3c8a758c\",\"name\":\"Tommaso Correale Santacroce\",\"url\":\"https:\\\/\\\/www.fondazionebassetti.org\\\/en\\\/author\\\/tommaso_correale_santacroce\"}]}<\/script>\n<!-- \/ Yoast SEO plugin. -->","yoast_head_json":{"title":"La realizzazione dell'improbabile - 3\/4 - Fondazione Giannino Bassetti","robots":{"index":"index","follow":"follow","max-snippet":"max-snippet:-1","max-image-preview":"max-image-preview:large","max-video-preview":"max-video-preview:-1"},"canonical":"https:\/\/www.fondazionebassetti.org\/en\/video\/2023\/12\/la_realizzazione_dellimprobabile_3_4","og_locale":"en_US","og_type":"article","og_title":"La realizzazione dell'improbabile - 3\/4 - Fondazione Giannino Bassetti","og_description":"Event: La realizzazione dell&#8217;improbabile &#8211; Trent\u2019anni di Fondazione Giannino Bassetti Date: 2023 12 18 Time: 35:11 min. Place: MEET Digital Culture Center &#8211; Milano. Language: Italiano. Part: 3\/4 url Vimeo: https:\/\/vimeo.com\/897411968 Photos: Album in Flickr. Podcast: la singola parte 3 di 4, la versione integrale e la playlist (in Spotify) Post: La realizzazione dell&#8217;improbabile. Contents: ... La realizzazione dell&#8217;improbabile &#8211; 3\/4","og_url":"https:\/\/www.fondazionebassetti.org\/en\/video\/2023\/12\/la_realizzazione_dellimprobabile_3_4","og_site_name":"Fondazione Giannino Bassetti","article_published_time":"2023-12-18T15:30:18+00:00","article_modified_time":"2024-01-16T16:57:42+00:00","og_image":[{"width":1024,"height":580,"url":"https:\/\/www.fondazionebassetti.org\/wp-content\/uploads\/2024\/01\/30esimo-1024x580-1.jpg","type":"image\/jpeg"}],"author":"Tommaso Correale Santacroce","twitter_card":"summary_large_image","twitter_misc":{"Written by":"Tommaso Correale Santacroce","Est. reading time":"2 minutes"},"schema":{"@context":"https:\/\/schema.org","@graph":[{"@type":"Article","@id":"https:\/\/www.fondazionebassetti.org\/en\/video\/2023\/12\/la_realizzazione_dellimprobabile_3_4#article","isPartOf":{"@id":"https:\/\/www.fondazionebassetti.org\/en\/video\/2023\/12\/la_realizzazione_dellimprobabile_3_4"},"author":{"name":"Tommaso Correale Santacroce","@id":"https:\/\/www.fondazionebassetti.org\/en#\/schema\/person\/168d0c230d9f804733495a1f3c8a758c"},"headline":"La realizzazione dell&#8217;improbabile &#8211; 3\/4","datePublished":"2023-12-18T15:30:18+00:00","dateModified":"2024-01-16T16:57:42+00:00","mainEntityOfPage":{"@id":"https:\/\/www.fondazionebassetti.org\/en\/video\/2023\/12\/la_realizzazione_dellimprobabile_3_4"},"wordCount":193,"publisher":{"@id":"https:\/\/www.fondazionebassetti.org\/en#organization"},"image":{"@id":"https:\/\/www.fondazionebassetti.org\/en\/video\/2023\/12\/la_realizzazione_dellimprobabile_3_4#primaryimage"},"thumbnailUrl":"https:\/\/www.fondazionebassetti.org\/wp-content\/uploads\/2024\/01\/30esimo-1024x580-1.jpg","keywords":["@Annarosa Pesole","@Attilio Fontana","@David Guston","@Lamberto Bertol\u00e8","@Raffaele Cattaneo","@Sally Randles","eventi","governance","Innovazione e Responsabilit\u00e0","responsabilit\u00e0 e innovazione"],"articleSection":["Governance and statehood","Innovation Poiesis Intensive","La realizzazione dell\u2019improbabile","Technoscience and life sciences","Transformation of business","Video"],"inLanguage":"en-US"},{"@type":"WebPage","@id":"https:\/\/www.fondazionebassetti.org\/en\/video\/2023\/12\/la_realizzazione_dellimprobabile_3_4","url":"https:\/\/www.fondazionebassetti.org\/en\/video\/2023\/12\/la_realizzazione_dellimprobabile_3_4","name":"La realizzazione dell'improbabile - 3\/4 - Fondazione Giannino Bassetti","isPartOf":{"@id":"https:\/\/www.fondazionebassetti.org\/en#website"},"primaryImageOfPage":{"@id":"https:\/\/www.fondazionebassetti.org\/en\/video\/2023\/12\/la_realizzazione_dellimprobabile_3_4#primaryimage"},"image":{"@id":"https:\/\/www.fondazionebassetti.org\/en\/video\/2023\/12\/la_realizzazione_dellimprobabile_3_4#primaryimage"},"thumbnailUrl":"https:\/\/www.fondazionebassetti.org\/wp-content\/uploads\/2024\/01\/30esimo-1024x580-1.jpg","datePublished":"2023-12-18T15:30:18+00:00","dateModified":"2024-01-16T16:57:42+00:00","breadcrumb":{"@id":"https:\/\/www.fondazionebassetti.org\/en\/video\/2023\/12\/la_realizzazione_dellimprobabile_3_4#breadcrumb"},"inLanguage":"en-US","potentialAction":[{"@type":"ReadAction","target":["https:\/\/www.fondazionebassetti.org\/en\/video\/2023\/12\/la_realizzazione_dellimprobabile_3_4"]}]},{"@type":"ImageObject","inLanguage":"en-US","@id":"https:\/\/www.fondazionebassetti.org\/en\/video\/2023\/12\/la_realizzazione_dellimprobabile_3_4#primaryimage","url":"https:\/\/www.fondazionebassetti.org\/wp-content\/uploads\/2024\/01\/30esimo-1024x580-1.jpg","contentUrl":"https:\/\/www.fondazionebassetti.org\/wp-content\/uploads\/2024\/01\/30esimo-1024x580-1.jpg","width":1024,"height":580},{"@type":"BreadcrumbList","@id":"https:\/\/www.fondazionebassetti.org\/en\/video\/2023\/12\/la_realizzazione_dellimprobabile_3_4#breadcrumb","itemListElement":[{"@type":"ListItem","position":1,"name":"Home","item":"https:\/\/www.fondazionebassetti.org\/en"},{"@type":"ListItem","position":2,"name":"La realizzazione dell&#8217;improbabile &#8211; 3\/4"}]},{"@type":"WebSite","@id":"https:\/\/www.fondazionebassetti.org\/en#website","url":"https:\/\/www.fondazionebassetti.org\/en","name":"Fondazione Giannino Bassetti","description":"Fondazione Giannino Bassetti","publisher":{"@id":"https:\/\/www.fondazionebassetti.org\/en#organization"},"alternateName":"FGB","potentialAction":[{"@type":"SearchAction","target":{"@type":"EntryPoint","urlTemplate":"https:\/\/www.fondazionebassetti.org\/en?s={search_term_string}"},"query-input":{"@type":"PropertyValueSpecification","valueRequired":true,"valueName":"search_term_string"}}],"inLanguage":"en-US"},{"@type":"Organization","@id":"https:\/\/www.fondazionebassetti.org\/en#organization","name":"Fondazione Giannino Bassetti ETS","alternateName":"FGB","url":"https:\/\/www.fondazionebassetti.org\/en","logo":{"@type":"ImageObject","inLanguage":"en-US","@id":"https:\/\/www.fondazionebassetti.org\/en#\/schema\/logo\/image\/","url":"https:\/\/www.fondazionebassetti.org\/wp-content\/uploads\/2025\/09\/logo696x696.jpg","contentUrl":"https:\/\/www.fondazionebassetti.org\/wp-content\/uploads\/2025\/09\/logo696x696.jpg","width":696,"height":696,"caption":"Fondazione Giannino Bassetti ETS"},"image":{"@id":"https:\/\/www.fondazionebassetti.org\/en#\/schema\/logo\/image\/"}},{"@type":"Person","@id":"https:\/\/www.fondazionebassetti.org\/en#\/schema\/person\/168d0c230d9f804733495a1f3c8a758c","name":"Tommaso Correale Santacroce","url":"https:\/\/www.fondazionebassetti.org\/en\/author\/tommaso_correale_santacroce"}]}},"_links":{"self":[{"href":"https:\/\/www.fondazionebassetti.org\/en\/wp-json\/wp\/v2\/posts\/33404","targetHints":{"allow":["GET"]}}],"collection":[{"href":"https:\/\/www.fondazionebassetti.org\/en\/wp-json\/wp\/v2\/posts"}],"about":[{"href":"https:\/\/www.fondazionebassetti.org\/en\/wp-json\/wp\/v2\/types\/post"}],"author":[{"embeddable":true,"href":"https:\/\/www.fondazionebassetti.org\/en\/wp-json\/wp\/v2\/users\/16"}],"replies":[{"embeddable":true,"href":"https:\/\/www.fondazionebassetti.org\/en\/wp-json\/wp\/v2\/comments?post=33404"}],"version-history":[{"count":1,"href":"https:\/\/www.fondazionebassetti.org\/en\/wp-json\/wp\/v2\/posts\/33404\/revisions"}],"predecessor-version":[{"id":33406,"href":"https:\/\/www.fondazionebassetti.org\/en\/wp-json\/wp\/v2\/posts\/33404\/revisions\/33406"}],"wp:featuredmedia":[{"embeddable":true,"href":"https:\/\/www.fondazionebassetti.org\/en\/wp-json\/wp\/v2\/media\/33237"}],"wp:attachment":[{"href":"https:\/\/www.fondazionebassetti.org\/en\/wp-json\/wp\/v2\/media?parent=33404"}],"wp:term":[{"taxonomy":"category","embeddable":true,"href":"https:\/\/www.fondazionebassetti.org\/en\/wp-json\/wp\/v2\/categories?post=33404"},{"taxonomy":"post_tag","embeddable":true,"href":"https:\/\/www.fondazionebassetti.org\/en\/wp-json\/wp\/v2\/tags?post=33404"}],"curies":[{"name":"wp","href":"https:\/\/api.w.org\/{rel}","templated":true}]}}