
{"id":30546,"date":"2023-02-02T19:07:13","date_gmt":"2023-02-02T18:07:13","guid":{"rendered":"https:\/\/www.fondazionebassetti.org\/video_2\/2023\/02\/vite_disuguali_3_3"},"modified":"2023-12-03T18:02:48","modified_gmt":"2023-12-03T17:02:48","slug":"vite_disuguali_3_3","status":"publish","type":"post","link":"https:\/\/www.fondazionebassetti.org\/en\/video\/2023\/02\/vite_disuguali_3_3","title":{"rendered":"Vite disuguali &#8211; 3\/3"},"content":{"rendered":"<p><div class=\"embeddedVideoFluid\">    <iframe src=\"https:\/\/player.vimeo.com\/video\/799558304\" frameborder=\"0\" class=\"allowfullscreen\"><\/iframe><\/div>\n<p><em>Event<\/em>: <strong>Vite disuguali<\/strong>.<br \/><em>Date<\/em>: 2023 02 02<br \/><em>Time<\/em>: 23:06 min.<br \/><em>Place<\/em>: Fondazione Giannino Bassetti, Milano.<br \/><em>Language<\/em>: Italiano.<br \/><em>Part<\/em>: 3\/3<br \/><em>url Vimeo<\/em>: <a href=\"https:\/\/vimeo.com\/799558304\" title=\"FGB on Vimeo\">https:\/\/vimeo.com\/799558304<\/a><br \/><em>Photos<\/em>: <a href=\"https:\/\/www.flickr.com\/photos\/fondazionebassetti\/albums\/72177720305750779\" title=\"FGB on Flickr\">Album in Flickr<\/a> e post in Instagram <a href=\"https:\/\/www.instagram.com\/p\/CoxQy5vjuJX\/\" title=\"FGB in Instagram\">1<\/a>, <a href=\"https:\/\/www.instagram.com\/p\/CoxQ-KMD8my\/\" title=\"FGB in Instagram\">2<\/a>, <a href=\"https:\/\/www.instagram.com\/p\/CoxRHFGjn30\/\" title=\"FGB in Instagram\">3<\/a>, <a href=\"https:\/\/www.instagram.com\/p\/CoxRVBZjT27\/\" title=\"FGB in Instagram\">4<\/a><!--, <a href=\"https:\/\/www.instagram.com\/p\/Cly1P-lDDGW\/\" title=\"FGB in Instagram\">5<\/a>-->.<br \/><em>Podcast<\/em>: la <a href=\"https:\/\/anchor.fm\/fondazione-giannino-bassetti\/episodes\/Vite-disuguali---33-e1v2n55\" title=\"Anchor FM - I Dialoghi di Fondazione Bassetti\">singola parte<\/a> 3 di 3, la <a href=\"https:\/\/anchor.fm\/fondazione-giannino-bassetti\/episodes\/Vite-disuguali---versione-integrale-e1v2qmk\" title=\"Anchor FM - I Dialoghi di Fondazione Bassetti\">versione integrale<\/a> e la <a href=\"https:\/\/open.spotify.com\/playlist\/6F5PAojFOmXGVg3HvltI9b?si=0ac37381805e4601\" title=\"Spotify\">playlist (in Spotify)<\/a><br \/><em>Post<\/em>: <a href=\"\/it\/focus\/2023\/02\/vite_disuguali.html\" title=\"FGB Focus\">Vite disuguali<\/a>.<\/p>\n<p><em>Contents<\/em>:<\/p>\n<p><em>Dibattito<\/em><\/p>\n<p>Terzo appuntamento del ciclo Longevit\u00e0 e Innovazione, in collaborazione con Fondazione Ravasi Garzanti con un dialogo intorno agli argomenti del libro &#8220;Vite disuguali. Salute, longevit\u00e0, accesso ai diritti: la misura delle grandi fratture sociali&#8221; (AREL &#8211; Il Mulino).<br \/>Protagoniste dell&#8217;incontro, Marianna Madia, curatrice del libro, Lia Quartapelle, autrice del capitolo Disuguaglianza e sanit\u00e0: uno sguardo globale, Cristina Tajani, che proporr\u00e0 una riflessione sulla connessione tra longevit\u00e0, diseguaglianze e disegno della citt\u00e0, tratta dal suo capitolo Lunga vita alle citt\u00e0, ed Elisabetta Donati, responsabile della Segreteria Scientifica di Fondazione Ravasi Garzanti. Modera il Dialogo Francesco Samor\u00e8, segretario generale di Fondazione Bassetti, nonch\u00e9 autore del capitolo Longevit\u00e0 e Innovazione: la responsabilit\u00e0 di disporre nuovi saperi.<br \/>L&#8217;evento vede la collaborazione degli amici di AREL &#8211; Agenzia di Ricerche e Legislazione (qui la presentazione del libro a Roma) e IN &#8211; Innovare X Includere<\/p>\n<p>Parte 3 di 3<\/p>\n<p>&#8212;&#8212;&#8212;&#8212;&#8211;<\/p>\n","protected":false},"excerpt":{"rendered":"<div class='image'><a href='\/en\/video\/2023\/02\/vite_disuguali_-_13.html'><img src='\/it\/focus\/img\/Vite-disuguali-130.jpg' width='130' height='130' border='0' alt='Vite disuguali - 3\/3' title='Vite disuguali - 3\/3' \/><\/a><\/div>\n<div class='info'>\n<div class='vedianche'>Leggi anche: tutti i seminari del ciclo <a href=\"https:\/\/www.fondazionebassetti.org\/tag\/longevita_e_innovazione\" title=\"FGB Tag - Longevit\u00e0 e Innovazione\">Longevit\u00e0 e Innovazione<\/a> e i materiali del corso al Politecnico <a href='\/it\/focus\/2021\/05\/longevita_e_innovazione_respon.html' title='FGB Focus'>Longevit\u00e0 e innovazione responsabile<\/a><\/div>\n<\/p><\/div>\n","protected":false},"author":19,"featured_media":30547,"comment_status":"open","ping_status":"closed","sticky":false,"template":"","format":"standard","meta":{"_acf_changed":false,"mc4wp_mailchimp_campaign":[],"footnotes":""},"categories":[5295,1418],"tags":[4786,4075,4053,5282,5608,4244,4404,4130,5610],"class_list":["post-30546","post","type-post","status-publish","format-standard","has-post-thumbnail","hentry","category-governance_and_statehood_en","category-video","tag-dibattito_en","tag-antropologia_en","tag-health_en","tag-longevita_en","tag-longevita_e_innovazione_en","tag-podcast_en","tag-recent_video_en","tag-sociologia_en","tag-vite_disuguali_en"],"acf":[],"yoast_head":"<!-- This site is optimized with the Yoast SEO plugin v27.5 - https:\/\/yoast.com\/product\/yoast-seo-wordpress\/ -->\n<title>Vite disuguali - 3\/3 - Fondazione Giannino Bassetti<\/title>\n<meta name=\"robots\" content=\"index, follow, max-snippet:-1, max-image-preview:large, max-video-preview:-1\" \/>\n<link rel=\"canonical\" href=\"https:\/\/www.fondazionebassetti.org\/en\/video\/2023\/02\/vite_disuguali_3_3\" \/>\n<meta property=\"og:locale\" content=\"en_US\" \/>\n<meta property=\"og:type\" content=\"article\" \/>\n<meta property=\"og:title\" content=\"Vite disuguali - 3\/3 - Fondazione Giannino Bassetti\" \/>\n<meta property=\"og:description\" content=\"Leggi anche: tutti i seminari del ciclo Longevit\u00e0 e Innovazione e i materiali del corso al Politecnico Longevit\u00e0 e innovazione responsabile\" \/>\n<meta property=\"og:url\" content=\"https:\/\/www.fondazionebassetti.org\/en\/video\/2023\/02\/vite_disuguali_3_3\" \/>\n<meta property=\"og:site_name\" content=\"Fondazione Giannino Bassetti\" \/>\n<meta property=\"article:published_time\" content=\"2023-02-02T18:07:13+00:00\" \/>\n<meta property=\"article:modified_time\" content=\"2023-12-03T17:02:48+00:00\" \/>\n<meta property=\"og:image\" content=\"https:\/\/www.fondazionebassetti.org\/wp-content\/uploads\/2022\/05\/9280_Vite-disuguali-130.png\" \/>\n\t<meta property=\"og:image:width\" content=\"1024\" \/>\n\t<meta property=\"og:image:height\" content=\"578\" \/>\n\t<meta property=\"og:image:type\" content=\"image\/png\" \/>\n<meta name=\"author\" content=\"Redazione FGB\" \/>\n<meta name=\"twitter:card\" content=\"summary_large_image\" \/>\n<meta name=\"twitter:label1\" content=\"Written by\" \/>\n\t<meta name=\"twitter:data1\" content=\"Redazione FGB\" \/>\n\t<meta name=\"twitter:label2\" content=\"Est. reading time\" \/>\n\t<meta name=\"twitter:data2\" content=\"2 minutes\" \/>\n<script type=\"application\/ld+json\" class=\"yoast-schema-graph\">{\"@context\":\"https:\\\/\\\/schema.org\",\"@graph\":[{\"@type\":\"Article\",\"@id\":\"https:\\\/\\\/www.fondazionebassetti.org\\\/en\\\/video\\\/2023\\\/02\\\/vite_disuguali_3_3#article\",\"isPartOf\":{\"@id\":\"https:\\\/\\\/www.fondazionebassetti.org\\\/en\\\/video\\\/2023\\\/02\\\/vite_disuguali_3_3\"},\"author\":{\"name\":\"Redazione FGB\",\"@id\":\"https:\\\/\\\/www.fondazionebassetti.org\\\/en#\\\/schema\\\/person\\\/afc79f410c72338ff829d54ba15987e7\"},\"headline\":\"Vite disuguali &#8211; 3\\\/3\",\"datePublished\":\"2023-02-02T18:07:13+00:00\",\"dateModified\":\"2023-12-03T17:02:48+00:00\",\"mainEntityOfPage\":{\"@id\":\"https:\\\/\\\/www.fondazionebassetti.org\\\/en\\\/video\\\/2023\\\/02\\\/vite_disuguali_3_3\"},\"wordCount\":193,\"commentCount\":0,\"publisher\":{\"@id\":\"https:\\\/\\\/www.fondazionebassetti.org\\\/en#organization\"},\"image\":{\"@id\":\"https:\\\/\\\/www.fondazionebassetti.org\\\/en\\\/video\\\/2023\\\/02\\\/vite_disuguali_3_3#primaryimage\"},\"thumbnailUrl\":\"https:\\\/\\\/www.fondazionebassetti.org\\\/wp-content\\\/uploads\\\/2022\\\/05\\\/9280_Vite-disuguali-130.png\",\"keywords\":[\"@dibattito\",\"antropologia\",\"health\",\"longevit\u00e0\",\"longevit\u00e0 e innovazione\",\"podcast\",\"recent video\",\"sociologia\",\"Vite disuguali\"],\"articleSection\":[\"Governance and statehood\",\"Video\"],\"inLanguage\":\"en-US\",\"potentialAction\":[{\"@type\":\"CommentAction\",\"name\":\"Comment\",\"target\":[\"https:\\\/\\\/www.fondazionebassetti.org\\\/en\\\/video\\\/2023\\\/02\\\/vite_disuguali_3_3#respond\"]}]},{\"@type\":\"WebPage\",\"@id\":\"https:\\\/\\\/www.fondazionebassetti.org\\\/en\\\/video\\\/2023\\\/02\\\/vite_disuguali_3_3\",\"url\":\"https:\\\/\\\/www.fondazionebassetti.org\\\/en\\\/video\\\/2023\\\/02\\\/vite_disuguali_3_3\",\"name\":\"Vite disuguali - 3\\\/3 - Fondazione Giannino Bassetti\",\"isPartOf\":{\"@id\":\"https:\\\/\\\/www.fondazionebassetti.org\\\/en#website\"},\"primaryImageOfPage\":{\"@id\":\"https:\\\/\\\/www.fondazionebassetti.org\\\/en\\\/video\\\/2023\\\/02\\\/vite_disuguali_3_3#primaryimage\"},\"image\":{\"@id\":\"https:\\\/\\\/www.fondazionebassetti.org\\\/en\\\/video\\\/2023\\\/02\\\/vite_disuguali_3_3#primaryimage\"},\"thumbnailUrl\":\"https:\\\/\\\/www.fondazionebassetti.org\\\/wp-content\\\/uploads\\\/2022\\\/05\\\/9280_Vite-disuguali-130.png\",\"datePublished\":\"2023-02-02T18:07:13+00:00\",\"dateModified\":\"2023-12-03T17:02:48+00:00\",\"breadcrumb\":{\"@id\":\"https:\\\/\\\/www.fondazionebassetti.org\\\/en\\\/video\\\/2023\\\/02\\\/vite_disuguali_3_3#breadcrumb\"},\"inLanguage\":\"en-US\",\"potentialAction\":[{\"@type\":\"ReadAction\",\"target\":[\"https:\\\/\\\/www.fondazionebassetti.org\\\/en\\\/video\\\/2023\\\/02\\\/vite_disuguali_3_3\"]}]},{\"@type\":\"ImageObject\",\"inLanguage\":\"en-US\",\"@id\":\"https:\\\/\\\/www.fondazionebassetti.org\\\/en\\\/video\\\/2023\\\/02\\\/vite_disuguali_3_3#primaryimage\",\"url\":\"https:\\\/\\\/www.fondazionebassetti.org\\\/wp-content\\\/uploads\\\/2022\\\/05\\\/9280_Vite-disuguali-130.png\",\"contentUrl\":\"https:\\\/\\\/www.fondazionebassetti.org\\\/wp-content\\\/uploads\\\/2022\\\/05\\\/9280_Vite-disuguali-130.png\",\"width\":1024,\"height\":578},{\"@type\":\"BreadcrumbList\",\"@id\":\"https:\\\/\\\/www.fondazionebassetti.org\\\/en\\\/video\\\/2023\\\/02\\\/vite_disuguali_3_3#breadcrumb\",\"itemListElement\":[{\"@type\":\"ListItem\",\"position\":1,\"name\":\"Home\",\"item\":\"https:\\\/\\\/www.fondazionebassetti.org\\\/en\"},{\"@type\":\"ListItem\",\"position\":2,\"name\":\"Vite disuguali &#8211; 3\\\/3\"}]},{\"@type\":\"WebSite\",\"@id\":\"https:\\\/\\\/www.fondazionebassetti.org\\\/en#website\",\"url\":\"https:\\\/\\\/www.fondazionebassetti.org\\\/en\",\"name\":\"Fondazione Giannino Bassetti\",\"description\":\"Fondazione Giannino Bassetti\",\"publisher\":{\"@id\":\"https:\\\/\\\/www.fondazionebassetti.org\\\/en#organization\"},\"alternateName\":\"FGB\",\"potentialAction\":[{\"@type\":\"SearchAction\",\"target\":{\"@type\":\"EntryPoint\",\"urlTemplate\":\"https:\\\/\\\/www.fondazionebassetti.org\\\/en?s={search_term_string}\"},\"query-input\":{\"@type\":\"PropertyValueSpecification\",\"valueRequired\":true,\"valueName\":\"search_term_string\"}}],\"inLanguage\":\"en-US\"},{\"@type\":\"Organization\",\"@id\":\"https:\\\/\\\/www.fondazionebassetti.org\\\/en#organization\",\"name\":\"Fondazione Giannino Bassetti ETS\",\"alternateName\":\"FGB\",\"url\":\"https:\\\/\\\/www.fondazionebassetti.org\\\/en\",\"logo\":{\"@type\":\"ImageObject\",\"inLanguage\":\"en-US\",\"@id\":\"https:\\\/\\\/www.fondazionebassetti.org\\\/en#\\\/schema\\\/logo\\\/image\\\/\",\"url\":\"https:\\\/\\\/www.fondazionebassetti.org\\\/wp-content\\\/uploads\\\/2025\\\/09\\\/logo696x696.jpg\",\"contentUrl\":\"https:\\\/\\\/www.fondazionebassetti.org\\\/wp-content\\\/uploads\\\/2025\\\/09\\\/logo696x696.jpg\",\"width\":696,\"height\":696,\"caption\":\"Fondazione Giannino Bassetti ETS\"},\"image\":{\"@id\":\"https:\\\/\\\/www.fondazionebassetti.org\\\/en#\\\/schema\\\/logo\\\/image\\\/\"}},{\"@type\":\"Person\",\"@id\":\"https:\\\/\\\/www.fondazionebassetti.org\\\/en#\\\/schema\\\/person\\\/afc79f410c72338ff829d54ba15987e7\",\"name\":\"Redazione FGB\",\"url\":\"https:\\\/\\\/www.fondazionebassetti.org\\\/en\\\/author\\\/redazione_fgb\"}]}<\/script>\n<!-- \/ Yoast SEO plugin. -->","yoast_head_json":{"title":"Vite disuguali - 3\/3 - Fondazione Giannino Bassetti","robots":{"index":"index","follow":"follow","max-snippet":"max-snippet:-1","max-image-preview":"max-image-preview:large","max-video-preview":"max-video-preview:-1"},"canonical":"https:\/\/www.fondazionebassetti.org\/en\/video\/2023\/02\/vite_disuguali_3_3","og_locale":"en_US","og_type":"article","og_title":"Vite disuguali - 3\/3 - Fondazione Giannino Bassetti","og_description":"Leggi anche: tutti i seminari del ciclo Longevit\u00e0 e Innovazione e i materiali del corso al Politecnico Longevit\u00e0 e innovazione responsabile","og_url":"https:\/\/www.fondazionebassetti.org\/en\/video\/2023\/02\/vite_disuguali_3_3","og_site_name":"Fondazione Giannino Bassetti","article_published_time":"2023-02-02T18:07:13+00:00","article_modified_time":"2023-12-03T17:02:48+00:00","og_image":[{"width":1024,"height":578,"url":"https:\/\/www.fondazionebassetti.org\/wp-content\/uploads\/2022\/05\/9280_Vite-disuguali-130.png","type":"image\/png"}],"author":"Redazione FGB","twitter_card":"summary_large_image","twitter_misc":{"Written by":"Redazione FGB","Est. reading time":"2 minutes"},"schema":{"@context":"https:\/\/schema.org","@graph":[{"@type":"Article","@id":"https:\/\/www.fondazionebassetti.org\/en\/video\/2023\/02\/vite_disuguali_3_3#article","isPartOf":{"@id":"https:\/\/www.fondazionebassetti.org\/en\/video\/2023\/02\/vite_disuguali_3_3"},"author":{"name":"Redazione FGB","@id":"https:\/\/www.fondazionebassetti.org\/en#\/schema\/person\/afc79f410c72338ff829d54ba15987e7"},"headline":"Vite disuguali &#8211; 3\/3","datePublished":"2023-02-02T18:07:13+00:00","dateModified":"2023-12-03T17:02:48+00:00","mainEntityOfPage":{"@id":"https:\/\/www.fondazionebassetti.org\/en\/video\/2023\/02\/vite_disuguali_3_3"},"wordCount":193,"commentCount":0,"publisher":{"@id":"https:\/\/www.fondazionebassetti.org\/en#organization"},"image":{"@id":"https:\/\/www.fondazionebassetti.org\/en\/video\/2023\/02\/vite_disuguali_3_3#primaryimage"},"thumbnailUrl":"https:\/\/www.fondazionebassetti.org\/wp-content\/uploads\/2022\/05\/9280_Vite-disuguali-130.png","keywords":["@dibattito","antropologia","health","longevit\u00e0","longevit\u00e0 e innovazione","podcast","recent video","sociologia","Vite disuguali"],"articleSection":["Governance and statehood","Video"],"inLanguage":"en-US","potentialAction":[{"@type":"CommentAction","name":"Comment","target":["https:\/\/www.fondazionebassetti.org\/en\/video\/2023\/02\/vite_disuguali_3_3#respond"]}]},{"@type":"WebPage","@id":"https:\/\/www.fondazionebassetti.org\/en\/video\/2023\/02\/vite_disuguali_3_3","url":"https:\/\/www.fondazionebassetti.org\/en\/video\/2023\/02\/vite_disuguali_3_3","name":"Vite disuguali - 3\/3 - Fondazione Giannino Bassetti","isPartOf":{"@id":"https:\/\/www.fondazionebassetti.org\/en#website"},"primaryImageOfPage":{"@id":"https:\/\/www.fondazionebassetti.org\/en\/video\/2023\/02\/vite_disuguali_3_3#primaryimage"},"image":{"@id":"https:\/\/www.fondazionebassetti.org\/en\/video\/2023\/02\/vite_disuguali_3_3#primaryimage"},"thumbnailUrl":"https:\/\/www.fondazionebassetti.org\/wp-content\/uploads\/2022\/05\/9280_Vite-disuguali-130.png","datePublished":"2023-02-02T18:07:13+00:00","dateModified":"2023-12-03T17:02:48+00:00","breadcrumb":{"@id":"https:\/\/www.fondazionebassetti.org\/en\/video\/2023\/02\/vite_disuguali_3_3#breadcrumb"},"inLanguage":"en-US","potentialAction":[{"@type":"ReadAction","target":["https:\/\/www.fondazionebassetti.org\/en\/video\/2023\/02\/vite_disuguali_3_3"]}]},{"@type":"ImageObject","inLanguage":"en-US","@id":"https:\/\/www.fondazionebassetti.org\/en\/video\/2023\/02\/vite_disuguali_3_3#primaryimage","url":"https:\/\/www.fondazionebassetti.org\/wp-content\/uploads\/2022\/05\/9280_Vite-disuguali-130.png","contentUrl":"https:\/\/www.fondazionebassetti.org\/wp-content\/uploads\/2022\/05\/9280_Vite-disuguali-130.png","width":1024,"height":578},{"@type":"BreadcrumbList","@id":"https:\/\/www.fondazionebassetti.org\/en\/video\/2023\/02\/vite_disuguali_3_3#breadcrumb","itemListElement":[{"@type":"ListItem","position":1,"name":"Home","item":"https:\/\/www.fondazionebassetti.org\/en"},{"@type":"ListItem","position":2,"name":"Vite disuguali &#8211; 3\/3"}]},{"@type":"WebSite","@id":"https:\/\/www.fondazionebassetti.org\/en#website","url":"https:\/\/www.fondazionebassetti.org\/en","name":"Fondazione Giannino Bassetti","description":"Fondazione Giannino Bassetti","publisher":{"@id":"https:\/\/www.fondazionebassetti.org\/en#organization"},"alternateName":"FGB","potentialAction":[{"@type":"SearchAction","target":{"@type":"EntryPoint","urlTemplate":"https:\/\/www.fondazionebassetti.org\/en?s={search_term_string}"},"query-input":{"@type":"PropertyValueSpecification","valueRequired":true,"valueName":"search_term_string"}}],"inLanguage":"en-US"},{"@type":"Organization","@id":"https:\/\/www.fondazionebassetti.org\/en#organization","name":"Fondazione Giannino Bassetti ETS","alternateName":"FGB","url":"https:\/\/www.fondazionebassetti.org\/en","logo":{"@type":"ImageObject","inLanguage":"en-US","@id":"https:\/\/www.fondazionebassetti.org\/en#\/schema\/logo\/image\/","url":"https:\/\/www.fondazionebassetti.org\/wp-content\/uploads\/2025\/09\/logo696x696.jpg","contentUrl":"https:\/\/www.fondazionebassetti.org\/wp-content\/uploads\/2025\/09\/logo696x696.jpg","width":696,"height":696,"caption":"Fondazione Giannino Bassetti ETS"},"image":{"@id":"https:\/\/www.fondazionebassetti.org\/en#\/schema\/logo\/image\/"}},{"@type":"Person","@id":"https:\/\/www.fondazionebassetti.org\/en#\/schema\/person\/afc79f410c72338ff829d54ba15987e7","name":"Redazione FGB","url":"https:\/\/www.fondazionebassetti.org\/en\/author\/redazione_fgb"}]}},"_links":{"self":[{"href":"https:\/\/www.fondazionebassetti.org\/en\/wp-json\/wp\/v2\/posts\/30546","targetHints":{"allow":["GET"]}}],"collection":[{"href":"https:\/\/www.fondazionebassetti.org\/en\/wp-json\/wp\/v2\/posts"}],"about":[{"href":"https:\/\/www.fondazionebassetti.org\/en\/wp-json\/wp\/v2\/types\/post"}],"author":[{"embeddable":true,"href":"https:\/\/www.fondazionebassetti.org\/en\/wp-json\/wp\/v2\/users\/19"}],"replies":[{"embeddable":true,"href":"https:\/\/www.fondazionebassetti.org\/en\/wp-json\/wp\/v2\/comments?post=30546"}],"version-history":[{"count":6,"href":"https:\/\/www.fondazionebassetti.org\/en\/wp-json\/wp\/v2\/posts\/30546\/revisions"}],"predecessor-version":[{"id":32715,"href":"https:\/\/www.fondazionebassetti.org\/en\/wp-json\/wp\/v2\/posts\/30546\/revisions\/32715"}],"wp:featuredmedia":[{"embeddable":true,"href":"https:\/\/www.fondazionebassetti.org\/en\/wp-json\/wp\/v2\/media\/30547"}],"wp:attachment":[{"href":"https:\/\/www.fondazionebassetti.org\/en\/wp-json\/wp\/v2\/media?parent=30546"}],"wp:term":[{"taxonomy":"category","embeddable":true,"href":"https:\/\/www.fondazionebassetti.org\/en\/wp-json\/wp\/v2\/categories?post=30546"},{"taxonomy":"post_tag","embeddable":true,"href":"https:\/\/www.fondazionebassetti.org\/en\/wp-json\/wp\/v2\/tags?post=30546"}],"curies":[{"name":"wp","href":"https:\/\/api.w.org\/{rel}","templated":true}]}}