
{"id":29852,"date":"2016-06-08T10:31:10","date_gmt":"2016-06-08T08:31:10","guid":{"rendered":"https:\/\/www.fondazionebassetti.org\/2016\/06\/fablab_come_modello_strategico"},"modified":"2016-06-08T10:31:10","modified_gmt":"2016-06-08T08:31:10","slug":"fablab_come_modello_strategico","status":"publish","type":"post","link":"https:\/\/www.fondazionebassetti.org\/en\/segnalazioni_en\/2016\/06\/fablab_come_modello_strategico","title":{"rendered":"Fablab come modello strategico"},"content":{"rendered":"<p><strong>Open Innovation Economy &#8211; Fablab come modello strategico per le nuove filiere<\/strong> <\/p>\n<p>Maker, fablab nazionali e internazionali si ritrovano gioved\u00ec 9 e venerd\u00ec 10 giugno a <a href=\"http:\/\/www.rdueb.it\/rdueb16\/pages\/fablabreunion\/\" title=\"R2B 2016\">R2B &#8211; Research to Business 2016<\/a> (SMAU, Bologna).<\/p>\n<p>L&#8217;undicesima edizione del salone internazionale della ricerca industriale e dell&#8217;innovazione, promosso dalla Regione Emilia-Romagna, Aster, Smau e BolognaFiere, ospita una conferenza aperta al pubblico con esperti di livello internazionale e un workshop a invito composto da tre sessioni di lavoro parallele con esperti, maker, facilitatori e rappresentanti da oltre 30 realt\u00e0 italiane ed europee.<\/p>\n<p>Il primo appuntamento \u00e8 per <strong>gioved\u00ec 9 giugno, alle ore 14<\/strong>, con &#8220;Open Innovation Economy &#8211; Fablab come modello strategico per le nuove filiere&#8221;, la conferenza di apertura dei lavori che introdurr\u00e0 il tema dei modelli di business per i FabLab, attraverso approfondimenti e casi studio. L&#8217;iniziativa \u00e8 realizzata da <a href=\"http:\/\/www.aster.it\/\" title=\"ASTER\">ASTER<\/a>, con il supporto della rete <a href=\"http:\/\/www.mak-er.it\/p\/mak-er.html\" title=\"Mak-er\">Mak-ER<\/a>.<\/p>\n<p>Due i panel di riferimento, <strong>Open Economy Society &#8211; makerspaces as paradigm for a new sustainable economy<\/strong>, che far\u00e0 dialogare esperti di fablab management, e <strong><a href=\"http:\/\/www.smau.it\/bologna16\/schedules\/open-innovation-economy-fab-lab-come-modello-strategico-per-le-nuove-filiere\/\" title=\"Programma\">L&#8217;Open Innovation come frontiera per le public policy<\/a><\/strong> (il cui <em>chairman<\/em> sar\u00e0 Francesco Samor\u00e8 di Fondazione Giannino Bassetti), dove le istituzioni, a partire dal Miur, proveranno a mettere a sistema le esperienze del primo panel e a individuare il ruolo dei fablab nelle politiche pubbliche.<\/p>\n<p>Questo momento di dialogo sar\u00e0 lo stimolo per iniziare il lavoro di <strong>Making Business Models<\/strong>, che porter\u00e0 gli ospiti e tutti gli invitati a sedersi ai tavoli di confronto che dureranno fino al termine di R2B, venerd\u00ec 10 giugno alle ore 18. I tre gruppi lavoreranno sulla base di un&#8217;analisi delle esperienze, condivise precedentemente da ogni partecipante, per elaborare modelli condivisi in merito alle attivit\u00e0 che i fablab svolgono con le imprese, con la community e con le scuole e gli enti formativi.<\/p>\n<p>Il lavoro proseguir\u00e0 all&#8217;interno di un &#8220;acquario&#8221; composto da tavoli di lavoro con maker ed esperti del movimento, sar\u00e0 coordinato da Andrea Cattabriga, Makers Modena &#8211; SlowD e vedr\u00e0 la partecipazione dei principali fablab nazionali e di importanti realt\u00e0 internazionali.<\/p>\n<p><strong>Open Innovation Economy<\/strong><br \/>\nXI edizione del Salone della Ricerca Industriale e dell&#8217;Innovazione, Research to Business, R2B 2016<br \/>\n9\/10 giugno 2016<br \/>\n<strong>Fablab come modello strategico per le nuove filiere<\/strong><br \/>\n9 giugno 2016 ore 14<br \/>\n<a href=\"http:\/\/www.rdueb.it\/rdueb16\/pages\/location\/\" title=\"Come arrivare\">padiglione 33 di BolognaFiere (come arrivare)<\/a>.<\/p>\n<p>&#8212;&#8212;&#8212;-<\/p>\n","protected":false},"excerpt":{"rendered":"<div class=\"image\"><a href=\"\/it\/segnalazioni\/2016\/06\/fablab_come_modello_strategico.html\"><img loading=\"lazy\" decoding=\"async\" src=\"\/it\/segnalazioni\/img\/fablab-bologna-130.jpg\" width=\"130\" height=\"130\" border=\"0\" alt=\"Fablab come modello strategico\" title=\"Fablab come modello strategico\" \/><\/a><\/div>\n<div class=\"info\">\n<div class=\"vedianche\">Leggi anche: <a href=\"\/it\/focus\/2014\/01\/gli_artigiani_incontrano_i_mak_1.html\" title=\"FGB Focus\">Gli Artigiani incontrano i makers<\/a><\/div>\n<\/div>\n","protected":false},"author":16,"featured_media":22553,"comment_status":"closed","ping_status":"closed","sticky":false,"template":"","format":"standard","meta":{"_acf_changed":false,"mc4wp_mailchimp_campaign":[],"footnotes":""},"categories":[5289,5294],"tags":[3933,3961,4091,4255,4196,4128,5379],"class_list":["post-29852","post","type-post","status-publish","format-standard","has-post-thumbnail","hentry","category-segnalazioni_en","category-transformation_of_business_en","tag-redazione_fgb_en","tag-artigianato_en","tag-economia_en","tag-fablab_en","tag-impresa_en","tag-open_culture_en","tag-tavole_rotonde_en"],"acf":[],"yoast_head":"<!-- This site is optimized with the Yoast SEO plugin v27.5 - https:\/\/yoast.com\/product\/yoast-seo-wordpress\/ -->\n<title>Fablab come modello strategico - Fondazione Giannino Bassetti<\/title>\n<meta name=\"robots\" content=\"index, follow, max-snippet:-1, max-image-preview:large, max-video-preview:-1\" \/>\n<link rel=\"canonical\" href=\"https:\/\/www.fondazionebassetti.org\/en\/segnalazioni_en\/2016\/06\/fablab_come_modello_strategico\" \/>\n<meta property=\"og:locale\" content=\"en_US\" \/>\n<meta property=\"og:type\" content=\"article\" \/>\n<meta property=\"og:title\" content=\"Fablab come modello strategico - Fondazione Giannino Bassetti\" \/>\n<meta property=\"og:description\" content=\"Leggi anche: Gli Artigiani incontrano i makers\" \/>\n<meta property=\"og:url\" content=\"https:\/\/www.fondazionebassetti.org\/en\/segnalazioni_en\/2016\/06\/fablab_come_modello_strategico\" \/>\n<meta property=\"og:site_name\" content=\"Fondazione Giannino Bassetti\" \/>\n<meta property=\"article:published_time\" content=\"2016-06-08T08:31:10+00:00\" \/>\n<meta name=\"author\" content=\"Tommaso Correale Santacroce\" \/>\n<meta name=\"twitter:card\" content=\"summary_large_image\" \/>\n<meta name=\"twitter:label1\" content=\"Written by\" \/>\n\t<meta name=\"twitter:data1\" content=\"Tommaso Correale Santacroce\" \/>\n\t<meta name=\"twitter:label2\" content=\"Est. reading time\" \/>\n\t<meta name=\"twitter:data2\" content=\"2 minutes\" \/>\n<script type=\"application\/ld+json\" class=\"yoast-schema-graph\">{\"@context\":\"https:\\\/\\\/schema.org\",\"@graph\":[{\"@type\":\"Article\",\"@id\":\"https:\\\/\\\/www.fondazionebassetti.org\\\/en\\\/segnalazioni_en\\\/2016\\\/06\\\/fablab_come_modello_strategico#article\",\"isPartOf\":{\"@id\":\"https:\\\/\\\/www.fondazionebassetti.org\\\/en\\\/segnalazioni_en\\\/2016\\\/06\\\/fablab_come_modello_strategico\"},\"author\":{\"name\":\"Tommaso Correale Santacroce\",\"@id\":\"https:\\\/\\\/www.fondazionebassetti.org\\\/en#\\\/schema\\\/person\\\/168d0c230d9f804733495a1f3c8a758c\"},\"headline\":\"Fablab come modello strategico\",\"datePublished\":\"2016-06-08T08:31:10+00:00\",\"mainEntityOfPage\":{\"@id\":\"https:\\\/\\\/www.fondazionebassetti.org\\\/en\\\/segnalazioni_en\\\/2016\\\/06\\\/fablab_come_modello_strategico\"},\"wordCount\":375,\"publisher\":{\"@id\":\"https:\\\/\\\/www.fondazionebassetti.org\\\/en#organization\"},\"image\":{\"@id\":\"https:\\\/\\\/www.fondazionebassetti.org\\\/en\\\/segnalazioni_en\\\/2016\\\/06\\\/fablab_come_modello_strategico#primaryimage\"},\"thumbnailUrl\":\"https:\\\/\\\/www.fondazionebassetti.org\\\/wp-content\\\/uploads\\\/2022\\\/06\\\/14812_fablab-bologna-130.jpg\",\"keywords\":[\"@Redazione FGB\",\"artigianato\",\"economia\",\"FabLab\",\"impresa\",\"open culture\",\"Tavole rotonde\"],\"articleSection\":[\"News\",\"Transformation of business\"],\"inLanguage\":\"en-US\"},{\"@type\":\"WebPage\",\"@id\":\"https:\\\/\\\/www.fondazionebassetti.org\\\/en\\\/segnalazioni_en\\\/2016\\\/06\\\/fablab_come_modello_strategico\",\"url\":\"https:\\\/\\\/www.fondazionebassetti.org\\\/en\\\/segnalazioni_en\\\/2016\\\/06\\\/fablab_come_modello_strategico\",\"name\":\"Fablab come modello strategico - Fondazione Giannino Bassetti\",\"isPartOf\":{\"@id\":\"https:\\\/\\\/www.fondazionebassetti.org\\\/en#website\"},\"primaryImageOfPage\":{\"@id\":\"https:\\\/\\\/www.fondazionebassetti.org\\\/en\\\/segnalazioni_en\\\/2016\\\/06\\\/fablab_come_modello_strategico#primaryimage\"},\"image\":{\"@id\":\"https:\\\/\\\/www.fondazionebassetti.org\\\/en\\\/segnalazioni_en\\\/2016\\\/06\\\/fablab_come_modello_strategico#primaryimage\"},\"thumbnailUrl\":\"https:\\\/\\\/www.fondazionebassetti.org\\\/wp-content\\\/uploads\\\/2022\\\/06\\\/14812_fablab-bologna-130.jpg\",\"datePublished\":\"2016-06-08T08:31:10+00:00\",\"breadcrumb\":{\"@id\":\"https:\\\/\\\/www.fondazionebassetti.org\\\/en\\\/segnalazioni_en\\\/2016\\\/06\\\/fablab_come_modello_strategico#breadcrumb\"},\"inLanguage\":\"en-US\",\"potentialAction\":[{\"@type\":\"ReadAction\",\"target\":[\"https:\\\/\\\/www.fondazionebassetti.org\\\/en\\\/segnalazioni_en\\\/2016\\\/06\\\/fablab_come_modello_strategico\"]}]},{\"@type\":\"ImageObject\",\"inLanguage\":\"en-US\",\"@id\":\"https:\\\/\\\/www.fondazionebassetti.org\\\/en\\\/segnalazioni_en\\\/2016\\\/06\\\/fablab_come_modello_strategico#primaryimage\",\"url\":\"https:\\\/\\\/www.fondazionebassetti.org\\\/wp-content\\\/uploads\\\/2022\\\/06\\\/14812_fablab-bologna-130.jpg\",\"contentUrl\":\"https:\\\/\\\/www.fondazionebassetti.org\\\/wp-content\\\/uploads\\\/2022\\\/06\\\/14812_fablab-bologna-130.jpg\",\"width\":1024,\"height\":578},{\"@type\":\"BreadcrumbList\",\"@id\":\"https:\\\/\\\/www.fondazionebassetti.org\\\/en\\\/segnalazioni_en\\\/2016\\\/06\\\/fablab_come_modello_strategico#breadcrumb\",\"itemListElement\":[{\"@type\":\"ListItem\",\"position\":1,\"name\":\"Home\",\"item\":\"https:\\\/\\\/www.fondazionebassetti.org\\\/en\"},{\"@type\":\"ListItem\",\"position\":2,\"name\":\"Fablab come modello strategico\"}]},{\"@type\":\"WebSite\",\"@id\":\"https:\\\/\\\/www.fondazionebassetti.org\\\/en#website\",\"url\":\"https:\\\/\\\/www.fondazionebassetti.org\\\/en\",\"name\":\"Fondazione Giannino Bassetti\",\"description\":\"Fondazione Giannino Bassetti\",\"publisher\":{\"@id\":\"https:\\\/\\\/www.fondazionebassetti.org\\\/en#organization\"},\"alternateName\":\"FGB\",\"potentialAction\":[{\"@type\":\"SearchAction\",\"target\":{\"@type\":\"EntryPoint\",\"urlTemplate\":\"https:\\\/\\\/www.fondazionebassetti.org\\\/en?s={search_term_string}\"},\"query-input\":{\"@type\":\"PropertyValueSpecification\",\"valueRequired\":true,\"valueName\":\"search_term_string\"}}],\"inLanguage\":\"en-US\"},{\"@type\":\"Organization\",\"@id\":\"https:\\\/\\\/www.fondazionebassetti.org\\\/en#organization\",\"name\":\"Fondazione Giannino Bassetti ETS\",\"alternateName\":\"FGB\",\"url\":\"https:\\\/\\\/www.fondazionebassetti.org\\\/en\",\"logo\":{\"@type\":\"ImageObject\",\"inLanguage\":\"en-US\",\"@id\":\"https:\\\/\\\/www.fondazionebassetti.org\\\/en#\\\/schema\\\/logo\\\/image\\\/\",\"url\":\"https:\\\/\\\/www.fondazionebassetti.org\\\/wp-content\\\/uploads\\\/2025\\\/09\\\/logo696x696.jpg\",\"contentUrl\":\"https:\\\/\\\/www.fondazionebassetti.org\\\/wp-content\\\/uploads\\\/2025\\\/09\\\/logo696x696.jpg\",\"width\":696,\"height\":696,\"caption\":\"Fondazione Giannino Bassetti ETS\"},\"image\":{\"@id\":\"https:\\\/\\\/www.fondazionebassetti.org\\\/en#\\\/schema\\\/logo\\\/image\\\/\"}},{\"@type\":\"Person\",\"@id\":\"https:\\\/\\\/www.fondazionebassetti.org\\\/en#\\\/schema\\\/person\\\/168d0c230d9f804733495a1f3c8a758c\",\"name\":\"Tommaso Correale Santacroce\",\"url\":\"https:\\\/\\\/www.fondazionebassetti.org\\\/en\\\/author\\\/tommaso_correale_santacroce\"}]}<\/script>\n<!-- \/ Yoast SEO plugin. -->","yoast_head_json":{"title":"Fablab come modello strategico - Fondazione Giannino Bassetti","robots":{"index":"index","follow":"follow","max-snippet":"max-snippet:-1","max-image-preview":"max-image-preview:large","max-video-preview":"max-video-preview:-1"},"canonical":"https:\/\/www.fondazionebassetti.org\/en\/segnalazioni_en\/2016\/06\/fablab_come_modello_strategico","og_locale":"en_US","og_type":"article","og_title":"Fablab come modello strategico - Fondazione Giannino Bassetti","og_description":"Leggi anche: Gli Artigiani incontrano i makers","og_url":"https:\/\/www.fondazionebassetti.org\/en\/segnalazioni_en\/2016\/06\/fablab_come_modello_strategico","og_site_name":"Fondazione Giannino Bassetti","article_published_time":"2016-06-08T08:31:10+00:00","author":"Tommaso Correale Santacroce","twitter_card":"summary_large_image","twitter_misc":{"Written by":"Tommaso Correale Santacroce","Est. reading time":"2 minutes"},"schema":{"@context":"https:\/\/schema.org","@graph":[{"@type":"Article","@id":"https:\/\/www.fondazionebassetti.org\/en\/segnalazioni_en\/2016\/06\/fablab_come_modello_strategico#article","isPartOf":{"@id":"https:\/\/www.fondazionebassetti.org\/en\/segnalazioni_en\/2016\/06\/fablab_come_modello_strategico"},"author":{"name":"Tommaso Correale Santacroce","@id":"https:\/\/www.fondazionebassetti.org\/en#\/schema\/person\/168d0c230d9f804733495a1f3c8a758c"},"headline":"Fablab come modello strategico","datePublished":"2016-06-08T08:31:10+00:00","mainEntityOfPage":{"@id":"https:\/\/www.fondazionebassetti.org\/en\/segnalazioni_en\/2016\/06\/fablab_come_modello_strategico"},"wordCount":375,"publisher":{"@id":"https:\/\/www.fondazionebassetti.org\/en#organization"},"image":{"@id":"https:\/\/www.fondazionebassetti.org\/en\/segnalazioni_en\/2016\/06\/fablab_come_modello_strategico#primaryimage"},"thumbnailUrl":"https:\/\/www.fondazionebassetti.org\/wp-content\/uploads\/2022\/06\/14812_fablab-bologna-130.jpg","keywords":["@Redazione FGB","artigianato","economia","FabLab","impresa","open culture","Tavole rotonde"],"articleSection":["News","Transformation of business"],"inLanguage":"en-US"},{"@type":"WebPage","@id":"https:\/\/www.fondazionebassetti.org\/en\/segnalazioni_en\/2016\/06\/fablab_come_modello_strategico","url":"https:\/\/www.fondazionebassetti.org\/en\/segnalazioni_en\/2016\/06\/fablab_come_modello_strategico","name":"Fablab come modello strategico - Fondazione Giannino Bassetti","isPartOf":{"@id":"https:\/\/www.fondazionebassetti.org\/en#website"},"primaryImageOfPage":{"@id":"https:\/\/www.fondazionebassetti.org\/en\/segnalazioni_en\/2016\/06\/fablab_come_modello_strategico#primaryimage"},"image":{"@id":"https:\/\/www.fondazionebassetti.org\/en\/segnalazioni_en\/2016\/06\/fablab_come_modello_strategico#primaryimage"},"thumbnailUrl":"https:\/\/www.fondazionebassetti.org\/wp-content\/uploads\/2022\/06\/14812_fablab-bologna-130.jpg","datePublished":"2016-06-08T08:31:10+00:00","breadcrumb":{"@id":"https:\/\/www.fondazionebassetti.org\/en\/segnalazioni_en\/2016\/06\/fablab_come_modello_strategico#breadcrumb"},"inLanguage":"en-US","potentialAction":[{"@type":"ReadAction","target":["https:\/\/www.fondazionebassetti.org\/en\/segnalazioni_en\/2016\/06\/fablab_come_modello_strategico"]}]},{"@type":"ImageObject","inLanguage":"en-US","@id":"https:\/\/www.fondazionebassetti.org\/en\/segnalazioni_en\/2016\/06\/fablab_come_modello_strategico#primaryimage","url":"https:\/\/www.fondazionebassetti.org\/wp-content\/uploads\/2022\/06\/14812_fablab-bologna-130.jpg","contentUrl":"https:\/\/www.fondazionebassetti.org\/wp-content\/uploads\/2022\/06\/14812_fablab-bologna-130.jpg","width":1024,"height":578},{"@type":"BreadcrumbList","@id":"https:\/\/www.fondazionebassetti.org\/en\/segnalazioni_en\/2016\/06\/fablab_come_modello_strategico#breadcrumb","itemListElement":[{"@type":"ListItem","position":1,"name":"Home","item":"https:\/\/www.fondazionebassetti.org\/en"},{"@type":"ListItem","position":2,"name":"Fablab come modello strategico"}]},{"@type":"WebSite","@id":"https:\/\/www.fondazionebassetti.org\/en#website","url":"https:\/\/www.fondazionebassetti.org\/en","name":"Fondazione Giannino Bassetti","description":"Fondazione Giannino Bassetti","publisher":{"@id":"https:\/\/www.fondazionebassetti.org\/en#organization"},"alternateName":"FGB","potentialAction":[{"@type":"SearchAction","target":{"@type":"EntryPoint","urlTemplate":"https:\/\/www.fondazionebassetti.org\/en?s={search_term_string}"},"query-input":{"@type":"PropertyValueSpecification","valueRequired":true,"valueName":"search_term_string"}}],"inLanguage":"en-US"},{"@type":"Organization","@id":"https:\/\/www.fondazionebassetti.org\/en#organization","name":"Fondazione Giannino Bassetti ETS","alternateName":"FGB","url":"https:\/\/www.fondazionebassetti.org\/en","logo":{"@type":"ImageObject","inLanguage":"en-US","@id":"https:\/\/www.fondazionebassetti.org\/en#\/schema\/logo\/image\/","url":"https:\/\/www.fondazionebassetti.org\/wp-content\/uploads\/2025\/09\/logo696x696.jpg","contentUrl":"https:\/\/www.fondazionebassetti.org\/wp-content\/uploads\/2025\/09\/logo696x696.jpg","width":696,"height":696,"caption":"Fondazione Giannino Bassetti ETS"},"image":{"@id":"https:\/\/www.fondazionebassetti.org\/en#\/schema\/logo\/image\/"}},{"@type":"Person","@id":"https:\/\/www.fondazionebassetti.org\/en#\/schema\/person\/168d0c230d9f804733495a1f3c8a758c","name":"Tommaso Correale Santacroce","url":"https:\/\/www.fondazionebassetti.org\/en\/author\/tommaso_correale_santacroce"}]}},"_links":{"self":[{"href":"https:\/\/www.fondazionebassetti.org\/en\/wp-json\/wp\/v2\/posts\/29852","targetHints":{"allow":["GET"]}}],"collection":[{"href":"https:\/\/www.fondazionebassetti.org\/en\/wp-json\/wp\/v2\/posts"}],"about":[{"href":"https:\/\/www.fondazionebassetti.org\/en\/wp-json\/wp\/v2\/types\/post"}],"author":[{"embeddable":true,"href":"https:\/\/www.fondazionebassetti.org\/en\/wp-json\/wp\/v2\/users\/16"}],"replies":[{"embeddable":true,"href":"https:\/\/www.fondazionebassetti.org\/en\/wp-json\/wp\/v2\/comments?post=29852"}],"version-history":[{"count":0,"href":"https:\/\/www.fondazionebassetti.org\/en\/wp-json\/wp\/v2\/posts\/29852\/revisions"}],"wp:featuredmedia":[{"embeddable":true,"href":"https:\/\/www.fondazionebassetti.org\/en\/wp-json\/wp\/v2\/media\/22553"}],"wp:attachment":[{"href":"https:\/\/www.fondazionebassetti.org\/en\/wp-json\/wp\/v2\/media?parent=29852"}],"wp:term":[{"taxonomy":"category","embeddable":true,"href":"https:\/\/www.fondazionebassetti.org\/en\/wp-json\/wp\/v2\/categories?post=29852"},{"taxonomy":"post_tag","embeddable":true,"href":"https:\/\/www.fondazionebassetti.org\/en\/wp-json\/wp\/v2\/tags?post=29852"}],"curies":[{"name":"wp","href":"https:\/\/api.w.org\/{rel}","templated":true}]}}