
{"id":29809,"date":"2018-04-30T15:52:24","date_gmt":"2018-04-30T13:52:24","guid":{"rendered":"https:\/\/www.fondazionebassetti.org\/2018\/04\/doppio_appuntamento_a_smart_ci"},"modified":"2023-12-03T17:57:21","modified_gmt":"2023-12-03T16:57:21","slug":"doppio_appuntamento_a_smart_ci","status":"publish","type":"post","link":"https:\/\/www.fondazionebassetti.org\/en\/segnalazioni_en\/2018\/04\/doppio_appuntamento_a_smart_ci","title":{"rendered":"Doppio appuntamento a Smart City"},"content":{"rendered":"<p>In occasione della Milano Design Week 2018, a Superstudio Pi\u00f9 in via Tortona 27 \u00e8 stata inaugurata la seconda edizione di &#8220;Smart City: Materials, Technologies &amp; People&#8221;, la mostra-evento ideata da Material ConneXion Italia, curata dall&#8217;architetto Giulio Ceppi.<\/p>\n<p>La mostra si propone di stimolare un dibattito sul tema della &#8220;citt\u00e0 intelligente&#8221; rovesciando, per\u00f2, la prospettiva: questa volta il punto di partenza non sono le citt\u00e0, ma i suoi abitanti, gli &#8220;smart citizens&#8221;.<\/p>\n<p>In questa cornice il <strong>primo appuntamento: venerd\u00ec 4 maggio 2018<\/strong> alle ore 11.30 verr\u00e0 presentato il libro di Marinella Ferrara e Giulio Ceppi <strong>IDEAS AND THE MATTER<\/strong>. <\/p>\n<p>Il libro \u00e8 dedicato ai nuovi materiali e ai nuovi oggetti cui danno vita, attualizzando e sviluppando il paradigma classico del rapporto tra materiali e progetto proposto nel 1986 da Ezio Manzini con La materia dell&#8217;invenzione. Raccoglie due anni di ricerca di MADEC, il Material Design Research Center del Dipartimento di Design del Politecnico di Milano, cui collaborano i due curatori. <\/p>\n<p>Parlano del rapporto tra oggetti e materiali, di design dei materiali, e dell&#8217;evoluzione del design Rodrigo Rodriques, persidente di Material ConneXion Italia, Luisa Collina, preside della Scuola del design del Politecnico di Milano e i curatori del volume, Giulio Ceppi e Marinella Ferrara.<\/p>\n<p>Poi una tavola rotonda sugli stessi temi vedr\u00e0 l&#8217;intervento del critico Fortunato D&#8217;Amico, dello storico Giampiero Bosoni, dell&#8217;artista Michelangelo Pistoletto, di Francesco Samor\u00e8 (Fondazione Bassetti) e del designer Clino Trini Castelli.<\/p>\n<p>Il <strong>secondo appuntamento sar\u00e0 mercoled\u00ec 9 maggio 2018 alle ore 18.00<\/strong> quando Fondazione Giannino Bassetti presenter\u00e0 in anteprima <strong>Responsibility driven design for the future self-driving society<\/strong>, un white paper che analizza l&#8217;avanzata delle tecnologie &#8216;driverless&#8217; e indaga il ruolo del design e dell&#8217;innovazione responsabile nella definizione della societ\u00e0 &#8216;a guida autonoma&#8217; del futuro.<\/p>\n<p>Intorno alla presentazione di svolger\u00e0 il dibattito dal titolo DA SMART A AUTONOMOUS: LA TRASFORMAZIONE DELLE CITT\u00c0 TRA INTELLIGENZA ARTIFICIALE E DRIVERLESS MOBILITY in cui interverranno<br \/>\n<strong>Fabio Terragni<\/strong> &#8211; Presidente di M4 spa<br \/>\n<strong>Leandro Agr\u00f2<\/strong> &#8211; Digital Product Director di Design Group Italia<br \/>\n<strong>Tommaso Gecchelin<\/strong> &#8211; Founder e CTO di Next Future Transportation Inc.<br \/>\n<strong>Giulio Ceppi<\/strong> &#8211; Architetto, designer e docente al Politecnico di Milano<br \/>\n<strong>Angela Simone<\/strong> &#8211; Project Designer e Manager per Fondazione Giannino Bassetti<br \/>\n<strong>Fabio Besti<\/strong> &#8211; Design Consultant per Fondazione Giannino Bassetti e autore del paper<br \/>\nmodera <strong>Francesco Samor\u00e8<\/strong> &#8211; Segretario Generale di Fondazione Giannino Bassetti<\/p>\n<div align=\"center\"><a href=\"\/ita\/focus\/img\/Fondazione-Bassetti-presentazione-white-paper-1.jpg\" target=\"_blank\" rel=\"noopener\"><img loading=\"lazy\" decoding=\"async\" src=\"\/ita\/focus\/img\/Fondazione-Bassetti-presentazione-white-paper-1-650.jpg\" alt=\"Cartolina d'invito\" width=\"580\" height=\"341\" title=\"invito all'incontro 'Da Smart a Autonomous: la trasformazione delle citt\u00e0 tra intelligenza artificiale e driverless mobility'\" \/><\/a><\/div>\n<p><strong>SuperStudio Pi\u00f9<\/strong><br \/>\nvia Tortona 27 &#8211; Milano<br \/>\n&#8211; Venerd\u00ec 4 maggio 2018 ore 11.30 Presentazione del libro <strong>IDEAS AND THE MATTER<\/strong>;<br \/>\n&#8211; Mercoled\u00ec 9 maggio 2018 ore 18.00 <strong>DA SMART A AUTONOMOUS: LA TRASFORMAZIONE DELLE CITT\u00c0 TRA INTELLIGENZA ARTIFICIALE E DRIVERLESS MOBILITY<\/strong>.<\/p>\n<p>&#8212;&#8212;&#8212;&#8212;&#8211;<\/p>\n","protected":false},"excerpt":{"rendered":"<div class=\"image\"><a href=\"\/it\/segnalazioni\/2018\/04\/doppio_appuntamento_a_smart_ci.html\"><img loading=\"lazy\" decoding=\"async\" src=\"\/it\/segnalazioni\/img\/driveless-car-white-paper-130-news.jpg\" width=\"130\" height=\"130\" border=\"0\" alt=\"Doppio appuntamento a Smart City\" title=\"Doppio appuntamento a Smart City\" \/><\/a><\/div>\n<div class=\"info\">\n<div class=\"vedianche\">Leggi anche: <a href=\"\/it\/focus\/2017\/03\/digidig_un_manifesto_sullalgor.html\" title=\"FGB Focus\">DigiDig: un manifesto sull&#8217;Algoritmo e la libert\u00e0<\/a> e i <a href=\"https:\/\/www.fondazionebassetti.org\/tag\/smart_cities\" title=\"FGB Tag - Smart City\">post con il tag Smart city<\/a><\/div>\n<\/div>\n","protected":false},"author":16,"featured_media":22639,"comment_status":"closed","ping_status":"closed","sticky":false,"template":"","format":"standard","meta":{"_acf_changed":false,"mc4wp_mailchimp_campaign":[],"footnotes":""},"categories":[5289],"tags":[3933,4327,4252,4073,3962,5389,5341,4239],"class_list":["post-29809","post","type-post","status-publish","format-standard","has-post-thumbnail","hentry","category-segnalazioni_en","tag-redazione_fgb_en","tag-algoritmo_en","tag-big_data_en","tag-citizen_en","tag-design_en","tag-driveless_car_en","tag-responsibility_and_science_en","tag-smart_cities_en"],"acf":[],"yoast_head":"<!-- This site is optimized with the Yoast SEO plugin v27.5 - https:\/\/yoast.com\/product\/yoast-seo-wordpress\/ -->\n<title>Doppio appuntamento a Smart City - Fondazione Giannino Bassetti<\/title>\n<meta name=\"robots\" content=\"index, follow, max-snippet:-1, max-image-preview:large, max-video-preview:-1\" \/>\n<link rel=\"canonical\" href=\"https:\/\/www.fondazionebassetti.org\/en\/segnalazioni_en\/2018\/04\/doppio_appuntamento_a_smart_ci\" \/>\n<meta property=\"og:locale\" content=\"en_US\" \/>\n<meta property=\"og:type\" content=\"article\" \/>\n<meta property=\"og:title\" content=\"Doppio appuntamento a Smart City - Fondazione Giannino Bassetti\" \/>\n<meta property=\"og:description\" content=\"Leggi anche: DigiDig: un manifesto sull&#039;Algoritmo e la libert\u00e0 e i post con il tag Smart city\" \/>\n<meta property=\"og:url\" content=\"https:\/\/www.fondazionebassetti.org\/en\/segnalazioni_en\/2018\/04\/doppio_appuntamento_a_smart_ci\" \/>\n<meta property=\"og:site_name\" content=\"Fondazione Giannino Bassetti\" \/>\n<meta property=\"article:published_time\" content=\"2018-04-30T13:52:24+00:00\" \/>\n<meta property=\"article:modified_time\" content=\"2023-12-03T16:57:21+00:00\" \/>\n<meta property=\"og:image\" content=\"https:\/\/www.fondazionebassetti.org\/wp-content\/uploads\/2022\/06\/14856_driveless-car-white-paper-130-news.jpg\" \/>\n\t<meta property=\"og:image:width\" content=\"1024\" \/>\n\t<meta property=\"og:image:height\" content=\"578\" \/>\n\t<meta property=\"og:image:type\" content=\"image\/jpeg\" \/>\n<meta name=\"author\" content=\"Tommaso Correale Santacroce\" \/>\n<meta name=\"twitter:card\" content=\"summary_large_image\" \/>\n<meta name=\"twitter:label1\" content=\"Written by\" \/>\n\t<meta name=\"twitter:data1\" content=\"Tommaso Correale Santacroce\" \/>\n\t<meta name=\"twitter:label2\" content=\"Est. reading time\" \/>\n\t<meta name=\"twitter:data2\" content=\"2 minutes\" \/>\n<script type=\"application\/ld+json\" class=\"yoast-schema-graph\">{\"@context\":\"https:\\\/\\\/schema.org\",\"@graph\":[{\"@type\":\"Article\",\"@id\":\"https:\\\/\\\/www.fondazionebassetti.org\\\/en\\\/segnalazioni_en\\\/2018\\\/04\\\/doppio_appuntamento_a_smart_ci#article\",\"isPartOf\":{\"@id\":\"https:\\\/\\\/www.fondazionebassetti.org\\\/en\\\/segnalazioni_en\\\/2018\\\/04\\\/doppio_appuntamento_a_smart_ci\"},\"author\":{\"name\":\"Tommaso Correale Santacroce\",\"@id\":\"https:\\\/\\\/www.fondazionebassetti.org\\\/en#\\\/schema\\\/person\\\/168d0c230d9f804733495a1f3c8a758c\"},\"headline\":\"Doppio appuntamento a Smart City\",\"datePublished\":\"2018-04-30T13:52:24+00:00\",\"dateModified\":\"2023-12-03T16:57:21+00:00\",\"mainEntityOfPage\":{\"@id\":\"https:\\\/\\\/www.fondazionebassetti.org\\\/en\\\/segnalazioni_en\\\/2018\\\/04\\\/doppio_appuntamento_a_smart_ci\"},\"wordCount\":424,\"publisher\":{\"@id\":\"https:\\\/\\\/www.fondazionebassetti.org\\\/en#organization\"},\"image\":{\"@id\":\"https:\\\/\\\/www.fondazionebassetti.org\\\/en\\\/segnalazioni_en\\\/2018\\\/04\\\/doppio_appuntamento_a_smart_ci#primaryimage\"},\"thumbnailUrl\":\"https:\\\/\\\/www.fondazionebassetti.org\\\/wp-content\\\/uploads\\\/2022\\\/06\\\/14856_driveless-car-white-paper-130-news.jpg\",\"keywords\":[\"@Redazione FGB\",\"algoritmo\",\"big data\",\"citizen\",\"design\",\"driveless car\",\"Responsibility and Science\",\"smart cities\"],\"articleSection\":[\"News\"],\"inLanguage\":\"en-US\"},{\"@type\":\"WebPage\",\"@id\":\"https:\\\/\\\/www.fondazionebassetti.org\\\/en\\\/segnalazioni_en\\\/2018\\\/04\\\/doppio_appuntamento_a_smart_ci\",\"url\":\"https:\\\/\\\/www.fondazionebassetti.org\\\/en\\\/segnalazioni_en\\\/2018\\\/04\\\/doppio_appuntamento_a_smart_ci\",\"name\":\"Doppio appuntamento a Smart City - Fondazione Giannino Bassetti\",\"isPartOf\":{\"@id\":\"https:\\\/\\\/www.fondazionebassetti.org\\\/en#website\"},\"primaryImageOfPage\":{\"@id\":\"https:\\\/\\\/www.fondazionebassetti.org\\\/en\\\/segnalazioni_en\\\/2018\\\/04\\\/doppio_appuntamento_a_smart_ci#primaryimage\"},\"image\":{\"@id\":\"https:\\\/\\\/www.fondazionebassetti.org\\\/en\\\/segnalazioni_en\\\/2018\\\/04\\\/doppio_appuntamento_a_smart_ci#primaryimage\"},\"thumbnailUrl\":\"https:\\\/\\\/www.fondazionebassetti.org\\\/wp-content\\\/uploads\\\/2022\\\/06\\\/14856_driveless-car-white-paper-130-news.jpg\",\"datePublished\":\"2018-04-30T13:52:24+00:00\",\"dateModified\":\"2023-12-03T16:57:21+00:00\",\"breadcrumb\":{\"@id\":\"https:\\\/\\\/www.fondazionebassetti.org\\\/en\\\/segnalazioni_en\\\/2018\\\/04\\\/doppio_appuntamento_a_smart_ci#breadcrumb\"},\"inLanguage\":\"en-US\",\"potentialAction\":[{\"@type\":\"ReadAction\",\"target\":[\"https:\\\/\\\/www.fondazionebassetti.org\\\/en\\\/segnalazioni_en\\\/2018\\\/04\\\/doppio_appuntamento_a_smart_ci\"]}]},{\"@type\":\"ImageObject\",\"inLanguage\":\"en-US\",\"@id\":\"https:\\\/\\\/www.fondazionebassetti.org\\\/en\\\/segnalazioni_en\\\/2018\\\/04\\\/doppio_appuntamento_a_smart_ci#primaryimage\",\"url\":\"https:\\\/\\\/www.fondazionebassetti.org\\\/wp-content\\\/uploads\\\/2022\\\/06\\\/14856_driveless-car-white-paper-130-news.jpg\",\"contentUrl\":\"https:\\\/\\\/www.fondazionebassetti.org\\\/wp-content\\\/uploads\\\/2022\\\/06\\\/14856_driveless-car-white-paper-130-news.jpg\",\"width\":1024,\"height\":578},{\"@type\":\"BreadcrumbList\",\"@id\":\"https:\\\/\\\/www.fondazionebassetti.org\\\/en\\\/segnalazioni_en\\\/2018\\\/04\\\/doppio_appuntamento_a_smart_ci#breadcrumb\",\"itemListElement\":[{\"@type\":\"ListItem\",\"position\":1,\"name\":\"Home\",\"item\":\"https:\\\/\\\/www.fondazionebassetti.org\\\/en\"},{\"@type\":\"ListItem\",\"position\":2,\"name\":\"Doppio appuntamento a Smart City\"}]},{\"@type\":\"WebSite\",\"@id\":\"https:\\\/\\\/www.fondazionebassetti.org\\\/en#website\",\"url\":\"https:\\\/\\\/www.fondazionebassetti.org\\\/en\",\"name\":\"Fondazione Giannino Bassetti\",\"description\":\"Fondazione Giannino Bassetti\",\"publisher\":{\"@id\":\"https:\\\/\\\/www.fondazionebassetti.org\\\/en#organization\"},\"alternateName\":\"FGB\",\"potentialAction\":[{\"@type\":\"SearchAction\",\"target\":{\"@type\":\"EntryPoint\",\"urlTemplate\":\"https:\\\/\\\/www.fondazionebassetti.org\\\/en?s={search_term_string}\"},\"query-input\":{\"@type\":\"PropertyValueSpecification\",\"valueRequired\":true,\"valueName\":\"search_term_string\"}}],\"inLanguage\":\"en-US\"},{\"@type\":\"Organization\",\"@id\":\"https:\\\/\\\/www.fondazionebassetti.org\\\/en#organization\",\"name\":\"Fondazione Giannino Bassetti ETS\",\"alternateName\":\"FGB\",\"url\":\"https:\\\/\\\/www.fondazionebassetti.org\\\/en\",\"logo\":{\"@type\":\"ImageObject\",\"inLanguage\":\"en-US\",\"@id\":\"https:\\\/\\\/www.fondazionebassetti.org\\\/en#\\\/schema\\\/logo\\\/image\\\/\",\"url\":\"https:\\\/\\\/www.fondazionebassetti.org\\\/wp-content\\\/uploads\\\/2025\\\/09\\\/logo696x696.jpg\",\"contentUrl\":\"https:\\\/\\\/www.fondazionebassetti.org\\\/wp-content\\\/uploads\\\/2025\\\/09\\\/logo696x696.jpg\",\"width\":696,\"height\":696,\"caption\":\"Fondazione Giannino Bassetti ETS\"},\"image\":{\"@id\":\"https:\\\/\\\/www.fondazionebassetti.org\\\/en#\\\/schema\\\/logo\\\/image\\\/\"}},{\"@type\":\"Person\",\"@id\":\"https:\\\/\\\/www.fondazionebassetti.org\\\/en#\\\/schema\\\/person\\\/168d0c230d9f804733495a1f3c8a758c\",\"name\":\"Tommaso Correale Santacroce\",\"url\":\"https:\\\/\\\/www.fondazionebassetti.org\\\/en\\\/author\\\/tommaso_correale_santacroce\"}]}<\/script>\n<!-- \/ Yoast SEO plugin. -->","yoast_head_json":{"title":"Doppio appuntamento a Smart City - Fondazione Giannino Bassetti","robots":{"index":"index","follow":"follow","max-snippet":"max-snippet:-1","max-image-preview":"max-image-preview:large","max-video-preview":"max-video-preview:-1"},"canonical":"https:\/\/www.fondazionebassetti.org\/en\/segnalazioni_en\/2018\/04\/doppio_appuntamento_a_smart_ci","og_locale":"en_US","og_type":"article","og_title":"Doppio appuntamento a Smart City - Fondazione Giannino Bassetti","og_description":"Leggi anche: DigiDig: un manifesto sull'Algoritmo e la libert\u00e0 e i post con il tag Smart city","og_url":"https:\/\/www.fondazionebassetti.org\/en\/segnalazioni_en\/2018\/04\/doppio_appuntamento_a_smart_ci","og_site_name":"Fondazione Giannino Bassetti","article_published_time":"2018-04-30T13:52:24+00:00","article_modified_time":"2023-12-03T16:57:21+00:00","og_image":[{"width":1024,"height":578,"url":"https:\/\/www.fondazionebassetti.org\/wp-content\/uploads\/2022\/06\/14856_driveless-car-white-paper-130-news.jpg","type":"image\/jpeg"}],"author":"Tommaso Correale Santacroce","twitter_card":"summary_large_image","twitter_misc":{"Written by":"Tommaso Correale Santacroce","Est. reading time":"2 minutes"},"schema":{"@context":"https:\/\/schema.org","@graph":[{"@type":"Article","@id":"https:\/\/www.fondazionebassetti.org\/en\/segnalazioni_en\/2018\/04\/doppio_appuntamento_a_smart_ci#article","isPartOf":{"@id":"https:\/\/www.fondazionebassetti.org\/en\/segnalazioni_en\/2018\/04\/doppio_appuntamento_a_smart_ci"},"author":{"name":"Tommaso Correale Santacroce","@id":"https:\/\/www.fondazionebassetti.org\/en#\/schema\/person\/168d0c230d9f804733495a1f3c8a758c"},"headline":"Doppio appuntamento a Smart City","datePublished":"2018-04-30T13:52:24+00:00","dateModified":"2023-12-03T16:57:21+00:00","mainEntityOfPage":{"@id":"https:\/\/www.fondazionebassetti.org\/en\/segnalazioni_en\/2018\/04\/doppio_appuntamento_a_smart_ci"},"wordCount":424,"publisher":{"@id":"https:\/\/www.fondazionebassetti.org\/en#organization"},"image":{"@id":"https:\/\/www.fondazionebassetti.org\/en\/segnalazioni_en\/2018\/04\/doppio_appuntamento_a_smart_ci#primaryimage"},"thumbnailUrl":"https:\/\/www.fondazionebassetti.org\/wp-content\/uploads\/2022\/06\/14856_driveless-car-white-paper-130-news.jpg","keywords":["@Redazione FGB","algoritmo","big data","citizen","design","driveless car","Responsibility and Science","smart cities"],"articleSection":["News"],"inLanguage":"en-US"},{"@type":"WebPage","@id":"https:\/\/www.fondazionebassetti.org\/en\/segnalazioni_en\/2018\/04\/doppio_appuntamento_a_smart_ci","url":"https:\/\/www.fondazionebassetti.org\/en\/segnalazioni_en\/2018\/04\/doppio_appuntamento_a_smart_ci","name":"Doppio appuntamento a Smart City - Fondazione Giannino Bassetti","isPartOf":{"@id":"https:\/\/www.fondazionebassetti.org\/en#website"},"primaryImageOfPage":{"@id":"https:\/\/www.fondazionebassetti.org\/en\/segnalazioni_en\/2018\/04\/doppio_appuntamento_a_smart_ci#primaryimage"},"image":{"@id":"https:\/\/www.fondazionebassetti.org\/en\/segnalazioni_en\/2018\/04\/doppio_appuntamento_a_smart_ci#primaryimage"},"thumbnailUrl":"https:\/\/www.fondazionebassetti.org\/wp-content\/uploads\/2022\/06\/14856_driveless-car-white-paper-130-news.jpg","datePublished":"2018-04-30T13:52:24+00:00","dateModified":"2023-12-03T16:57:21+00:00","breadcrumb":{"@id":"https:\/\/www.fondazionebassetti.org\/en\/segnalazioni_en\/2018\/04\/doppio_appuntamento_a_smart_ci#breadcrumb"},"inLanguage":"en-US","potentialAction":[{"@type":"ReadAction","target":["https:\/\/www.fondazionebassetti.org\/en\/segnalazioni_en\/2018\/04\/doppio_appuntamento_a_smart_ci"]}]},{"@type":"ImageObject","inLanguage":"en-US","@id":"https:\/\/www.fondazionebassetti.org\/en\/segnalazioni_en\/2018\/04\/doppio_appuntamento_a_smart_ci#primaryimage","url":"https:\/\/www.fondazionebassetti.org\/wp-content\/uploads\/2022\/06\/14856_driveless-car-white-paper-130-news.jpg","contentUrl":"https:\/\/www.fondazionebassetti.org\/wp-content\/uploads\/2022\/06\/14856_driveless-car-white-paper-130-news.jpg","width":1024,"height":578},{"@type":"BreadcrumbList","@id":"https:\/\/www.fondazionebassetti.org\/en\/segnalazioni_en\/2018\/04\/doppio_appuntamento_a_smart_ci#breadcrumb","itemListElement":[{"@type":"ListItem","position":1,"name":"Home","item":"https:\/\/www.fondazionebassetti.org\/en"},{"@type":"ListItem","position":2,"name":"Doppio appuntamento a Smart City"}]},{"@type":"WebSite","@id":"https:\/\/www.fondazionebassetti.org\/en#website","url":"https:\/\/www.fondazionebassetti.org\/en","name":"Fondazione Giannino Bassetti","description":"Fondazione Giannino Bassetti","publisher":{"@id":"https:\/\/www.fondazionebassetti.org\/en#organization"},"alternateName":"FGB","potentialAction":[{"@type":"SearchAction","target":{"@type":"EntryPoint","urlTemplate":"https:\/\/www.fondazionebassetti.org\/en?s={search_term_string}"},"query-input":{"@type":"PropertyValueSpecification","valueRequired":true,"valueName":"search_term_string"}}],"inLanguage":"en-US"},{"@type":"Organization","@id":"https:\/\/www.fondazionebassetti.org\/en#organization","name":"Fondazione Giannino Bassetti ETS","alternateName":"FGB","url":"https:\/\/www.fondazionebassetti.org\/en","logo":{"@type":"ImageObject","inLanguage":"en-US","@id":"https:\/\/www.fondazionebassetti.org\/en#\/schema\/logo\/image\/","url":"https:\/\/www.fondazionebassetti.org\/wp-content\/uploads\/2025\/09\/logo696x696.jpg","contentUrl":"https:\/\/www.fondazionebassetti.org\/wp-content\/uploads\/2025\/09\/logo696x696.jpg","width":696,"height":696,"caption":"Fondazione Giannino Bassetti ETS"},"image":{"@id":"https:\/\/www.fondazionebassetti.org\/en#\/schema\/logo\/image\/"}},{"@type":"Person","@id":"https:\/\/www.fondazionebassetti.org\/en#\/schema\/person\/168d0c230d9f804733495a1f3c8a758c","name":"Tommaso Correale Santacroce","url":"https:\/\/www.fondazionebassetti.org\/en\/author\/tommaso_correale_santacroce"}]}},"_links":{"self":[{"href":"https:\/\/www.fondazionebassetti.org\/en\/wp-json\/wp\/v2\/posts\/29809","targetHints":{"allow":["GET"]}}],"collection":[{"href":"https:\/\/www.fondazionebassetti.org\/en\/wp-json\/wp\/v2\/posts"}],"about":[{"href":"https:\/\/www.fondazionebassetti.org\/en\/wp-json\/wp\/v2\/types\/post"}],"author":[{"embeddable":true,"href":"https:\/\/www.fondazionebassetti.org\/en\/wp-json\/wp\/v2\/users\/16"}],"replies":[{"embeddable":true,"href":"https:\/\/www.fondazionebassetti.org\/en\/wp-json\/wp\/v2\/comments?post=29809"}],"version-history":[{"count":2,"href":"https:\/\/www.fondazionebassetti.org\/en\/wp-json\/wp\/v2\/posts\/29809\/revisions"}],"predecessor-version":[{"id":32673,"href":"https:\/\/www.fondazionebassetti.org\/en\/wp-json\/wp\/v2\/posts\/29809\/revisions\/32673"}],"wp:featuredmedia":[{"embeddable":true,"href":"https:\/\/www.fondazionebassetti.org\/en\/wp-json\/wp\/v2\/media\/22639"}],"wp:attachment":[{"href":"https:\/\/www.fondazionebassetti.org\/en\/wp-json\/wp\/v2\/media?parent=29809"}],"wp:term":[{"taxonomy":"category","embeddable":true,"href":"https:\/\/www.fondazionebassetti.org\/en\/wp-json\/wp\/v2\/categories?post=29809"},{"taxonomy":"post_tag","embeddable":true,"href":"https:\/\/www.fondazionebassetti.org\/en\/wp-json\/wp\/v2\/tags?post=29809"}],"curies":[{"name":"wp","href":"https:\/\/api.w.org\/{rel}","templated":true}]}}