
{"id":29788,"date":"2019-04-06T11:24:54","date_gmt":"2019-04-06T09:24:54","guid":{"rendered":"https:\/\/www.fondazionebassetti.org\/2019\/04\/self_driving_society2030"},"modified":"2019-04-06T11:24:54","modified_gmt":"2019-04-06T09:24:54","slug":"self_driving_society2030","status":"publish","type":"post","link":"https:\/\/www.fondazionebassetti.org\/en\/segnalazioni_en\/2019\/04\/self_driving_society2030","title":{"rendered":"Self Driving Society@2030"},"content":{"rendered":"<p>L&#8217;avvento della guida autonoma promette di modificare, insieme al modo di spostarsi, le relazioni sociali: cos\u00ec come \u00e8 avvenuto per le grandi trasformazioni della mobilit\u00e0 nel secolo che ci siamo lasciati alle spalle. Come suonerebbe oggi la nota affermazione di Ford &#8220;<em>Se avessi chiesto loro cosa volevano, avrebbero risposto cavalli pi\u00f9 veloci<\/em>&#8220;?<br \/>\nIn questo scenario il design, se coniugato con la responsabilit\u00e0 nell&#8217;innovazione, pu\u00f2 assumere un ruolo centrale nella definizione di un futuro driverless.<br \/>\nQuesti saranno gli argomenti per l&#8217;evento SELF DRIVING SOCIETY@2030 che si terr\u00e0 marted\u00ec 9 aprile 2019 alle ore 15.30 nella cornice di &#8220;<a href=\"http:\/\/it.materialconnexion.com\/smart-city\/\" title=\"Material Connexion\">Smart City: People, Technology &amp; Materials<\/a>&#8221; presso gli spazi di Superstudiopi\u00f9 13 in via V. Forcella 13 a Milano.<\/p>\n<p>Un anno fa nello stesso contesto abbiamo presentato il nostro White Paper &#8220;<a href=\"https:\/\/selfdrivingsociety.fondazionebassetti.org\/\" title=\"FGB self-driving society\">Responsibility driven design for the future self-driving society<\/a>&#8220;, come si \u00e8 modificato il panorama nel frattempo?<\/p>\n<p>Ce ne parleranno<br \/>\n<strong>Giulio Ceppi<\/strong>, Architetto, Designer e docente al Politecnico di Milano;<br \/>\n<strong>Tommaso Gecchelin<\/strong>, Founder, Inventor and CTO, NEXT Future Transportation inc.;<br \/>\n<strong>Francesco Samor\u00e8<\/strong>, Segretario Generale, Fondazione Giannino Bassetti;<br \/>\n<strong>Fabio Besti<\/strong>, Senior Consultant for Design, University &#038; Mobility, Fondazione Giannino Bassetti. <\/p>\n<div align=\"center\"><img loading=\"lazy\" decoding=\"async\" alt=\"Smart-city-image002.jpg\" src=\"https:\/\/www.fondazionebassetti.org\/ita\/focus\/img\/Smart-city-image002.jpg\" width=\"805\" height=\"454\" class=\"mt-image-none\" style=\"\" \/><\/div>\n","protected":false},"excerpt":{"rendered":"<div class=\"image\"><a href=\"\/it\/segnalazioni\/2019\/04\/self_driving_society2030.html\"><img loading=\"lazy\" decoding=\"async\" src=\"\/it\/segnalazioni\/img\/Smart-city-image002-130.jpg\" width=\"130\" height=\"130\" border=\"0\" alt=\"Wageningen University (NL) Post-doc Position\" title=\"Wageningen University (NL) Post-doc Position\" \/><\/a><\/div>\n<div class=\"info\">\n<div class=\"vedianche\">See also: <a href=\"https:\/\/selfdrivingsociety.fondazionebassetti.org\/\" title=\"FGB news\">Self Driving Society White Paper &#8211; Download it!<\/a><\/div>\n<\/div>\n","protected":false},"author":16,"featured_media":22685,"comment_status":"closed","ping_status":"closed","sticky":false,"template":"","format":"standard","meta":{"_acf_changed":false,"mc4wp_mailchimp_campaign":[],"footnotes":""},"categories":[5289,5293],"tags":[3933,4026,5388,3962,5346,5341,5362],"class_list":["post-29788","post","type-post","status-publish","format-standard","has-post-thumbnail","hentry","category-segnalazioni_en","category-technoscience_and_life_sciences_en","tag-redazione_fgb_en","tag-artificial_intelligence_en","tag-autonomous_car_en","tag-design_en","tag-innovazione_e_responsabilita_en","tag-responsibility_and_science_en","tag-self_driving_society_en"],"acf":[],"yoast_head":"<!-- This site is optimized with the Yoast SEO plugin v27.4 - https:\/\/yoast.com\/product\/yoast-seo-wordpress\/ -->\n<title>Self Driving Society@2030 - Fondazione Giannino Bassetti<\/title>\n<meta name=\"robots\" content=\"index, follow, max-snippet:-1, max-image-preview:large, max-video-preview:-1\" \/>\n<link rel=\"canonical\" href=\"https:\/\/www.fondazionebassetti.org\/en\/segnalazioni_en\/2019\/04\/self_driving_society2030\" \/>\n<meta property=\"og:locale\" content=\"en_US\" \/>\n<meta property=\"og:type\" content=\"article\" \/>\n<meta property=\"og:title\" content=\"Self Driving Society@2030 - Fondazione Giannino Bassetti\" \/>\n<meta property=\"og:description\" content=\"See also: Self Driving Society White Paper - Download it!\" \/>\n<meta property=\"og:url\" content=\"https:\/\/www.fondazionebassetti.org\/en\/segnalazioni_en\/2019\/04\/self_driving_society2030\" \/>\n<meta property=\"og:site_name\" content=\"Fondazione Giannino Bassetti\" \/>\n<meta property=\"article:published_time\" content=\"2019-04-06T09:24:54+00:00\" \/>\n<meta property=\"og:image\" content=\"https:\/\/www.fondazionebassetti.org\/it\/focus\/img\/Smart-city-image002.jpg\" \/>\n<meta name=\"author\" content=\"Tommaso Correale Santacroce\" \/>\n<meta name=\"twitter:card\" content=\"summary_large_image\" \/>\n<meta name=\"twitter:label1\" content=\"Written by\" \/>\n\t<meta name=\"twitter:data1\" content=\"Tommaso Correale Santacroce\" \/>\n\t<meta name=\"twitter:label2\" content=\"Est. reading time\" \/>\n\t<meta name=\"twitter:data2\" content=\"1 minute\" \/>\n<script type=\"application\/ld+json\" class=\"yoast-schema-graph\">{\"@context\":\"https:\\\/\\\/schema.org\",\"@graph\":[{\"@type\":\"Article\",\"@id\":\"https:\\\/\\\/www.fondazionebassetti.org\\\/en\\\/segnalazioni_en\\\/2019\\\/04\\\/self_driving_society2030#article\",\"isPartOf\":{\"@id\":\"https:\\\/\\\/www.fondazionebassetti.org\\\/en\\\/segnalazioni_en\\\/2019\\\/04\\\/self_driving_society2030\"},\"author\":{\"name\":\"Tommaso Correale Santacroce\",\"@id\":\"https:\\\/\\\/www.fondazionebassetti.org\\\/en#\\\/schema\\\/person\\\/168d0c230d9f804733495a1f3c8a758c\"},\"headline\":\"Self Driving Society@2030\",\"datePublished\":\"2019-04-06T09:24:54+00:00\",\"mainEntityOfPage\":{\"@id\":\"https:\\\/\\\/www.fondazionebassetti.org\\\/en\\\/segnalazioni_en\\\/2019\\\/04\\\/self_driving_society2030\"},\"wordCount\":183,\"publisher\":{\"@id\":\"https:\\\/\\\/www.fondazionebassetti.org\\\/en#organization\"},\"image\":{\"@id\":\"https:\\\/\\\/www.fondazionebassetti.org\\\/en\\\/segnalazioni_en\\\/2019\\\/04\\\/self_driving_society2030#primaryimage\"},\"thumbnailUrl\":\"https:\\\/\\\/www.fondazionebassetti.org\\\/wp-content\\\/uploads\\\/2022\\\/06\\\/14879_Smart-city-image002-130.jpg\",\"keywords\":[\"@Redazione FGB\",\"artificial intelligence\",\"autonomous car\",\"design\",\"Innovazione e Responsabilit\u00e0\",\"Responsibility and Science\",\"self-driving society\"],\"articleSection\":[\"News\",\"Technoscience and life sciences\"],\"inLanguage\":\"en-US\"},{\"@type\":\"WebPage\",\"@id\":\"https:\\\/\\\/www.fondazionebassetti.org\\\/en\\\/segnalazioni_en\\\/2019\\\/04\\\/self_driving_society2030\",\"url\":\"https:\\\/\\\/www.fondazionebassetti.org\\\/en\\\/segnalazioni_en\\\/2019\\\/04\\\/self_driving_society2030\",\"name\":\"Self Driving Society@2030 - Fondazione Giannino Bassetti\",\"isPartOf\":{\"@id\":\"https:\\\/\\\/www.fondazionebassetti.org\\\/en#website\"},\"primaryImageOfPage\":{\"@id\":\"https:\\\/\\\/www.fondazionebassetti.org\\\/en\\\/segnalazioni_en\\\/2019\\\/04\\\/self_driving_society2030#primaryimage\"},\"image\":{\"@id\":\"https:\\\/\\\/www.fondazionebassetti.org\\\/en\\\/segnalazioni_en\\\/2019\\\/04\\\/self_driving_society2030#primaryimage\"},\"thumbnailUrl\":\"https:\\\/\\\/www.fondazionebassetti.org\\\/wp-content\\\/uploads\\\/2022\\\/06\\\/14879_Smart-city-image002-130.jpg\",\"datePublished\":\"2019-04-06T09:24:54+00:00\",\"breadcrumb\":{\"@id\":\"https:\\\/\\\/www.fondazionebassetti.org\\\/en\\\/segnalazioni_en\\\/2019\\\/04\\\/self_driving_society2030#breadcrumb\"},\"inLanguage\":\"en-US\",\"potentialAction\":[{\"@type\":\"ReadAction\",\"target\":[\"https:\\\/\\\/www.fondazionebassetti.org\\\/en\\\/segnalazioni_en\\\/2019\\\/04\\\/self_driving_society2030\"]}]},{\"@type\":\"ImageObject\",\"inLanguage\":\"en-US\",\"@id\":\"https:\\\/\\\/www.fondazionebassetti.org\\\/en\\\/segnalazioni_en\\\/2019\\\/04\\\/self_driving_society2030#primaryimage\",\"url\":\"https:\\\/\\\/www.fondazionebassetti.org\\\/wp-content\\\/uploads\\\/2022\\\/06\\\/14879_Smart-city-image002-130.jpg\",\"contentUrl\":\"https:\\\/\\\/www.fondazionebassetti.org\\\/wp-content\\\/uploads\\\/2022\\\/06\\\/14879_Smart-city-image002-130.jpg\",\"width\":1024,\"height\":578},{\"@type\":\"BreadcrumbList\",\"@id\":\"https:\\\/\\\/www.fondazionebassetti.org\\\/en\\\/segnalazioni_en\\\/2019\\\/04\\\/self_driving_society2030#breadcrumb\",\"itemListElement\":[{\"@type\":\"ListItem\",\"position\":1,\"name\":\"Home\",\"item\":\"https:\\\/\\\/www.fondazionebassetti.org\\\/en\"},{\"@type\":\"ListItem\",\"position\":2,\"name\":\"Self Driving Society@2030\"}]},{\"@type\":\"WebSite\",\"@id\":\"https:\\\/\\\/www.fondazionebassetti.org\\\/en#website\",\"url\":\"https:\\\/\\\/www.fondazionebassetti.org\\\/en\",\"name\":\"Fondazione Giannino Bassetti\",\"description\":\"Fondazione Giannino Bassetti\",\"publisher\":{\"@id\":\"https:\\\/\\\/www.fondazionebassetti.org\\\/en#organization\"},\"alternateName\":\"FGB\",\"potentialAction\":[{\"@type\":\"SearchAction\",\"target\":{\"@type\":\"EntryPoint\",\"urlTemplate\":\"https:\\\/\\\/www.fondazionebassetti.org\\\/en?s={search_term_string}\"},\"query-input\":{\"@type\":\"PropertyValueSpecification\",\"valueRequired\":true,\"valueName\":\"search_term_string\"}}],\"inLanguage\":\"en-US\"},{\"@type\":\"Organization\",\"@id\":\"https:\\\/\\\/www.fondazionebassetti.org\\\/en#organization\",\"name\":\"Fondazione Giannino Bassetti ETS\",\"alternateName\":\"FGB\",\"url\":\"https:\\\/\\\/www.fondazionebassetti.org\\\/en\",\"logo\":{\"@type\":\"ImageObject\",\"inLanguage\":\"en-US\",\"@id\":\"https:\\\/\\\/www.fondazionebassetti.org\\\/en#\\\/schema\\\/logo\\\/image\\\/\",\"url\":\"https:\\\/\\\/www.fondazionebassetti.org\\\/wp-content\\\/uploads\\\/2025\\\/09\\\/logo696x696.jpg\",\"contentUrl\":\"https:\\\/\\\/www.fondazionebassetti.org\\\/wp-content\\\/uploads\\\/2025\\\/09\\\/logo696x696.jpg\",\"width\":696,\"height\":696,\"caption\":\"Fondazione Giannino Bassetti ETS\"},\"image\":{\"@id\":\"https:\\\/\\\/www.fondazionebassetti.org\\\/en#\\\/schema\\\/logo\\\/image\\\/\"}},{\"@type\":\"Person\",\"@id\":\"https:\\\/\\\/www.fondazionebassetti.org\\\/en#\\\/schema\\\/person\\\/168d0c230d9f804733495a1f3c8a758c\",\"name\":\"Tommaso Correale Santacroce\",\"url\":\"https:\\\/\\\/www.fondazionebassetti.org\\\/en\\\/author\\\/tommaso_correale_santacroce\"}]}<\/script>\n<!-- \/ Yoast SEO plugin. -->","yoast_head_json":{"title":"Self Driving Society@2030 - Fondazione Giannino Bassetti","robots":{"index":"index","follow":"follow","max-snippet":"max-snippet:-1","max-image-preview":"max-image-preview:large","max-video-preview":"max-video-preview:-1"},"canonical":"https:\/\/www.fondazionebassetti.org\/en\/segnalazioni_en\/2019\/04\/self_driving_society2030","og_locale":"en_US","og_type":"article","og_title":"Self Driving Society@2030 - Fondazione Giannino Bassetti","og_description":"See also: Self Driving Society White Paper - Download it!","og_url":"https:\/\/www.fondazionebassetti.org\/en\/segnalazioni_en\/2019\/04\/self_driving_society2030","og_site_name":"Fondazione Giannino Bassetti","article_published_time":"2019-04-06T09:24:54+00:00","og_image":[{"url":"https:\/\/www.fondazionebassetti.org\/it\/focus\/img\/Smart-city-image002.jpg","type":"","width":"","height":""}],"author":"Tommaso Correale Santacroce","twitter_card":"summary_large_image","twitter_misc":{"Written by":"Tommaso Correale Santacroce","Est. reading time":"1 minute"},"schema":{"@context":"https:\/\/schema.org","@graph":[{"@type":"Article","@id":"https:\/\/www.fondazionebassetti.org\/en\/segnalazioni_en\/2019\/04\/self_driving_society2030#article","isPartOf":{"@id":"https:\/\/www.fondazionebassetti.org\/en\/segnalazioni_en\/2019\/04\/self_driving_society2030"},"author":{"name":"Tommaso Correale Santacroce","@id":"https:\/\/www.fondazionebassetti.org\/en#\/schema\/person\/168d0c230d9f804733495a1f3c8a758c"},"headline":"Self Driving Society@2030","datePublished":"2019-04-06T09:24:54+00:00","mainEntityOfPage":{"@id":"https:\/\/www.fondazionebassetti.org\/en\/segnalazioni_en\/2019\/04\/self_driving_society2030"},"wordCount":183,"publisher":{"@id":"https:\/\/www.fondazionebassetti.org\/en#organization"},"image":{"@id":"https:\/\/www.fondazionebassetti.org\/en\/segnalazioni_en\/2019\/04\/self_driving_society2030#primaryimage"},"thumbnailUrl":"https:\/\/www.fondazionebassetti.org\/wp-content\/uploads\/2022\/06\/14879_Smart-city-image002-130.jpg","keywords":["@Redazione FGB","artificial intelligence","autonomous car","design","Innovazione e Responsabilit\u00e0","Responsibility and Science","self-driving society"],"articleSection":["News","Technoscience and life sciences"],"inLanguage":"en-US"},{"@type":"WebPage","@id":"https:\/\/www.fondazionebassetti.org\/en\/segnalazioni_en\/2019\/04\/self_driving_society2030","url":"https:\/\/www.fondazionebassetti.org\/en\/segnalazioni_en\/2019\/04\/self_driving_society2030","name":"Self Driving Society@2030 - Fondazione Giannino Bassetti","isPartOf":{"@id":"https:\/\/www.fondazionebassetti.org\/en#website"},"primaryImageOfPage":{"@id":"https:\/\/www.fondazionebassetti.org\/en\/segnalazioni_en\/2019\/04\/self_driving_society2030#primaryimage"},"image":{"@id":"https:\/\/www.fondazionebassetti.org\/en\/segnalazioni_en\/2019\/04\/self_driving_society2030#primaryimage"},"thumbnailUrl":"https:\/\/www.fondazionebassetti.org\/wp-content\/uploads\/2022\/06\/14879_Smart-city-image002-130.jpg","datePublished":"2019-04-06T09:24:54+00:00","breadcrumb":{"@id":"https:\/\/www.fondazionebassetti.org\/en\/segnalazioni_en\/2019\/04\/self_driving_society2030#breadcrumb"},"inLanguage":"en-US","potentialAction":[{"@type":"ReadAction","target":["https:\/\/www.fondazionebassetti.org\/en\/segnalazioni_en\/2019\/04\/self_driving_society2030"]}]},{"@type":"ImageObject","inLanguage":"en-US","@id":"https:\/\/www.fondazionebassetti.org\/en\/segnalazioni_en\/2019\/04\/self_driving_society2030#primaryimage","url":"https:\/\/www.fondazionebassetti.org\/wp-content\/uploads\/2022\/06\/14879_Smart-city-image002-130.jpg","contentUrl":"https:\/\/www.fondazionebassetti.org\/wp-content\/uploads\/2022\/06\/14879_Smart-city-image002-130.jpg","width":1024,"height":578},{"@type":"BreadcrumbList","@id":"https:\/\/www.fondazionebassetti.org\/en\/segnalazioni_en\/2019\/04\/self_driving_society2030#breadcrumb","itemListElement":[{"@type":"ListItem","position":1,"name":"Home","item":"https:\/\/www.fondazionebassetti.org\/en"},{"@type":"ListItem","position":2,"name":"Self Driving Society@2030"}]},{"@type":"WebSite","@id":"https:\/\/www.fondazionebassetti.org\/en#website","url":"https:\/\/www.fondazionebassetti.org\/en","name":"Fondazione Giannino Bassetti","description":"Fondazione Giannino Bassetti","publisher":{"@id":"https:\/\/www.fondazionebassetti.org\/en#organization"},"alternateName":"FGB","potentialAction":[{"@type":"SearchAction","target":{"@type":"EntryPoint","urlTemplate":"https:\/\/www.fondazionebassetti.org\/en?s={search_term_string}"},"query-input":{"@type":"PropertyValueSpecification","valueRequired":true,"valueName":"search_term_string"}}],"inLanguage":"en-US"},{"@type":"Organization","@id":"https:\/\/www.fondazionebassetti.org\/en#organization","name":"Fondazione Giannino Bassetti ETS","alternateName":"FGB","url":"https:\/\/www.fondazionebassetti.org\/en","logo":{"@type":"ImageObject","inLanguage":"en-US","@id":"https:\/\/www.fondazionebassetti.org\/en#\/schema\/logo\/image\/","url":"https:\/\/www.fondazionebassetti.org\/wp-content\/uploads\/2025\/09\/logo696x696.jpg","contentUrl":"https:\/\/www.fondazionebassetti.org\/wp-content\/uploads\/2025\/09\/logo696x696.jpg","width":696,"height":696,"caption":"Fondazione Giannino Bassetti ETS"},"image":{"@id":"https:\/\/www.fondazionebassetti.org\/en#\/schema\/logo\/image\/"}},{"@type":"Person","@id":"https:\/\/www.fondazionebassetti.org\/en#\/schema\/person\/168d0c230d9f804733495a1f3c8a758c","name":"Tommaso Correale Santacroce","url":"https:\/\/www.fondazionebassetti.org\/en\/author\/tommaso_correale_santacroce"}]}},"_links":{"self":[{"href":"https:\/\/www.fondazionebassetti.org\/en\/wp-json\/wp\/v2\/posts\/29788","targetHints":{"allow":["GET"]}}],"collection":[{"href":"https:\/\/www.fondazionebassetti.org\/en\/wp-json\/wp\/v2\/posts"}],"about":[{"href":"https:\/\/www.fondazionebassetti.org\/en\/wp-json\/wp\/v2\/types\/post"}],"author":[{"embeddable":true,"href":"https:\/\/www.fondazionebassetti.org\/en\/wp-json\/wp\/v2\/users\/16"}],"replies":[{"embeddable":true,"href":"https:\/\/www.fondazionebassetti.org\/en\/wp-json\/wp\/v2\/comments?post=29788"}],"version-history":[{"count":0,"href":"https:\/\/www.fondazionebassetti.org\/en\/wp-json\/wp\/v2\/posts\/29788\/revisions"}],"wp:featuredmedia":[{"embeddable":true,"href":"https:\/\/www.fondazionebassetti.org\/en\/wp-json\/wp\/v2\/media\/22685"}],"wp:attachment":[{"href":"https:\/\/www.fondazionebassetti.org\/en\/wp-json\/wp\/v2\/media?parent=29788"}],"wp:term":[{"taxonomy":"category","embeddable":true,"href":"https:\/\/www.fondazionebassetti.org\/en\/wp-json\/wp\/v2\/categories?post=29788"},{"taxonomy":"post_tag","embeddable":true,"href":"https:\/\/www.fondazionebassetti.org\/en\/wp-json\/wp\/v2\/tags?post=29788"}],"curies":[{"name":"wp","href":"https:\/\/api.w.org\/{rel}","templated":true}]}}