
{"id":29739,"date":"2020-11-27T16:08:48","date_gmt":"2020-11-27T15:08:48","guid":{"rendered":"https:\/\/www.fondazionebassetti.org\/2020\/11\/fondazione_bassetti_al_nationa"},"modified":"2023-12-03T17:49:13","modified_gmt":"2023-12-03T16:49:13","slug":"fondazione_bassetti_al_nationa","status":"publish","type":"post","link":"https:\/\/www.fondazionebassetti.org\/en\/segnalazioni_en\/2020\/11\/fondazione_bassetti_al_nationa","title":{"rendered":"Fondazione Bassetti al National Geographic Festival delle Scienze di Roma"},"content":{"rendered":"<p>\u00c8 in corso OTTIMISMO E SCIENZA, il Festival delle Scienze di Roma del National Geographic. Quest&#8217;anno parteciper\u00e0 anche Fondazione Giannino Bassetti che \u00e8 stata coinvolta per un sessione di studio dal titolo &#8220;Scienza e Decisione Pubblica&#8221;. <\/p>\n<div align=\"center\">(<em>update<\/em>)<strong><a href=\"archi_vivo\/2020\/12\/scienza_e_decisione_pubblica_i\" title=\"YouTube - diretta dell'evento\">QUI il registrato della DIRETTA con la presentazione del progetto<\/a>.<\/strong><\/div>\n<p>L&#8217;evento, che si svolger\u00e0 online domenica 29 novembre 2020, \u00e8 costruito attorno a una iniziativa pi\u00f9 ampia volta a facilitare il dialogo fra la scienza e le diverse componenti della societ\u00e0 per incoraggiare scelte pi\u00f9 efficaci e una maggiore fiducia fra le parti.<br \/>\nQuesto appuntamento, che vedr\u00e0 la partecipazione di alcuni importanti attori sociali, istituzionali e privati, vuole essere di stimolo per rafforzare il dibattito pubblico e la consapevolezza su questi temi e rappresenta il punto di avvio di un progetto di pi\u00f9 ampio respiro che vuole contribuire allo sviluppo di processi, strumenti, procedure per analizzare e valutare i processi decisionali. <strong>Si visiti a riguardo <a href=\"https:\/\/scienzaedecisione.it\/\" title=\"Scienza e decisione pubblica\">il sito<\/a> che ne raccoglie intenzioni e sviluppi.<\/strong><br \/>\nFondazione Giannino Bassetti per l&#8217;occasione ha preparato una <strong>Flash Research su Scienza e Decisioni Pubbliche<\/strong> che presenter\u00e0 in introduzione dell&#8217;evento. <strong>Piero Bassetti<\/strong> invece interverr\u00e0 alla chiusura dei lavori.<\/p>\n<div align=\"center\">\n<strong>PROGRAMMA<\/strong><\/p>\n<p>10:00 &#8211; 10:05<br \/>\nIL FESTIVAL E IL PROGETTO<br \/>\n<strong>Vittorio Bo<\/strong>, <em>Direttore del Festival National Geographic Festival delle Scienze<\/em><br \/>\n<strong>Daniele Pitteri<\/strong>, <em>AD Fondazione Musica per Roma<\/em><\/p>\n<p>10:05 &#8211; 10:35<br \/>\nINTRODUZIONE: EVIDENZE DALLE PRIME RICERCHE<br \/>\n<strong>Simone De Battisti<\/strong>, <em>Hokuto<\/em><br \/>\n<strong>Angela Simone, Fondazione Giannino Bassetti<\/strong><br \/>\n<strong>Martina Erba<\/strong>, <em>Data Specialist in Eni Datalab per Linkalab<\/em><br \/>\n<strong>Fabrizio Neironi<\/strong>, <em>Data analyst in TBWA\\Italia<\/em><\/p>\n<p>10:35 &#8211; 11:05<br \/>\nPANEL \/ SCIENZIATI-ESPERTI<br \/>\n<strong>Elena Cattaneo<\/strong>, <em>Universit\u00e0 degli Studi di Milano-Laboratorio di biologia delle cellule staminali. Senatrice a vita<\/em><br \/>\n<strong>Gianpaolo Azzoni<\/strong>, <em>Pro-Rettore Universit\u00e0 degli Studi di Pavia<\/em><br \/>\n<strong>Alessandra Colecchia<\/strong>, <em>Head of Science and Technology Policy Division OCSE<\/em><\/p>\n<p>11:05 &#8211; 11:40<br \/>\nPANEL \/ DECISORI ISTITUZIONALI<br \/>\n<strong>Flavia Piccoli Nardelli<\/strong>, <em>Membro Commissione Cultura, Scienza e Istruzione Camera dei Deputati<\/em><br \/>\n<strong>Gaetano Manfredi<\/strong>, <em>Ministro Universit\u00e0 e Ricerca<\/em><br \/>\n<strong>Luca Bergamo<\/strong>, <em>Vice Sindaco e Assessore alla Cultura Comune di Roma<\/em><\/p>\n<p>11:40 &#8211; 12:00<br \/>\nPANEL \/ DECISORI PRIVATI<br \/>\n<strong>Michele Perrino<\/strong>, <em>AD Medtronic<\/em><br \/>\n<strong>Vincenzo Russi<\/strong>, <em>AD E-Novia<\/em><br \/>\n<strong>Francesca Ferrazza<\/strong>, <em>Responsabile del Centro di Ricerca per la Decarbonizzazione e l&#8217;Ambiente di Eni<\/em><\/p>\n<p>12:00 &#8211; 12:20: PANEL \/ DECISORI SOCIALI<br \/>\n<strong>Antonio Gaudioso<\/strong>, <em>Segretario Generale Cittadinanza attiva<\/em><br \/>\n<strong>Vittorio Alvino<\/strong>, <em> OpenPolis<\/em><br \/>\n<strong>Luca Carra<\/strong>, <em>Scienza in Rete<\/em><\/p>\n<p>12:20 &#8211; 12:40<br \/>\nPANEL \/ MEDIA<br \/>\n<strong>Roberta Villa<\/strong>, <em>Giornalista scientifica<\/em><br \/>\n<strong>Michele Mezza<\/strong>, <em>Giornalista e docente<\/em><br \/>\n<strong>Nicola Nosengo<\/strong>, <em>Chief di Nature Italy<\/em><\/p>\n<p>12:40 &#8211; 13:00<br \/>\nCONFRONTO FINALE<br \/>\n<strong>Piero Bassetti, Presidente Fondazione Bassetti e gi\u00e0 primo Presidente Regione Lombardia<\/strong><br \/>\n<strong>Toni Muzi Falconi<\/strong>, <em>Fondatore e Senior Advisor Methodos<\/em><\/p>\n<p>13:00 &#8211; 13:15<br \/>\nCHIUSURA E CALL TO ACTION DEI PROMOTORI<br \/>\n<strong>Vittorio Bo, Toni Muzi Falconi, Simone De Battisti<\/strong><\/p>\n<p>Vi aspettiamo! (online)<\/p><\/div>\n<div align=\"center\"> <a href=\"https:\/\/www.fondazionebassetti.org\/ita\/segnalazioni\/img\/Flash%20Research%20Decisione%20Pubblica%20%2B%20Ottimismo%20e%20scienza.jpg\"><img loading=\"lazy\" decoding=\"async\" alt=\"Flash Research Decisione Pubblica + Ottimismo e scienza.jpg\" src=\"https:\/\/www.fondazionebassetti.org\/ita\/segnalazioni\/assets_c\/2020\/11\/Flash%20Research%20Decisione%20Pubblica%20%2B%20Ottimismo%20e%20scienza-thumb-600xauto-2989.jpg\" width=\"600\" height=\"266\" class=\"mt-image-none\" style=\"\" \/><\/a><\/div>\n<p>&#8212;&#8212;&#8212;&#8212;&#8212;&#8212;&#8211;<\/p>\n","protected":false},"excerpt":{"rendered":"<div class=\"image\"><a href=\"\/it\/segnalazioni\/2020\/11\/fondazione_bassetti_al_nationa.html\"><img loading=\"lazy\" decoding=\"async\" src=\"\/it\/segnalazioni\/img\/festival2020-130.jpg\" width=\"130\" height=\"130\" border=\"0\" alt=\"Fondazione Bassetti al National Geographic Festival delle Scienze di Roma\" title=\"Fondazione Bassetti al National Geographic Festival delle Scienze di Roma\" \/><\/a><\/div>\n<div class=\"info\">\n<div class=\"vedianche\">Leggi anche: i post sul progetto europeo <a href=\"https:\/\/www.fondazionebassetti.org\/tag\/SMART-map\" title=\"FGB Focus\">SMART-map<\/a><\/div>\n<\/div>\n","protected":false},"author":16,"featured_media":22783,"comment_status":"closed","ping_status":"closed","sticky":false,"template":"","format":"standard","meta":{"_acf_changed":false,"mc4wp_mailchimp_campaign":[],"footnotes":""},"categories":[5289,5293],"tags":[3933,4154,4159,5346,5350,3913,4018,5341,3974,4189],"class_list":["post-29739","post","type-post","status-publish","format-standard","has-post-thumbnail","hentry","category-segnalazioni_en","category-technoscience_and_life_sciences_en","tag-redazione_fgb_en","tag-decisori_pubblici_en","tag-festival_en","tag-innovazione_e_responsabilita_en","tag-policymakers_en","tag-politica_en","tag-report_en","tag-responsibility_and_science_en","tag-scienza_en","tag-scienza_e_societa_en"],"acf":[],"yoast_head":"<!-- This site is optimized with the Yoast SEO plugin v27.5 - https:\/\/yoast.com\/product\/yoast-seo-wordpress\/ -->\n<title>Fondazione Bassetti al National Geographic Festival delle Scienze di Roma - Fondazione Giannino Bassetti<\/title>\n<meta name=\"robots\" content=\"index, follow, max-snippet:-1, max-image-preview:large, max-video-preview:-1\" \/>\n<link rel=\"canonical\" href=\"https:\/\/www.fondazionebassetti.org\/en\/segnalazioni_en\/2020\/11\/fondazione_bassetti_al_nationa\" \/>\n<meta property=\"og:locale\" content=\"en_US\" \/>\n<meta property=\"og:type\" content=\"article\" \/>\n<meta property=\"og:title\" content=\"Fondazione Bassetti al National Geographic Festival delle Scienze di Roma - Fondazione Giannino Bassetti\" \/>\n<meta property=\"og:description\" content=\"Leggi anche: i post sul progetto europeo SMART-map\" \/>\n<meta property=\"og:url\" content=\"https:\/\/www.fondazionebassetti.org\/en\/segnalazioni_en\/2020\/11\/fondazione_bassetti_al_nationa\" \/>\n<meta property=\"og:site_name\" content=\"Fondazione Giannino Bassetti\" \/>\n<meta property=\"article:published_time\" content=\"2020-11-27T15:08:48+00:00\" \/>\n<meta property=\"article:modified_time\" content=\"2023-12-03T16:49:13+00:00\" \/>\n<meta property=\"og:image\" content=\"https:\/\/www.fondazionebassetti.org\/wp-content\/uploads\/2022\/06\/14928_festival2020-130.jpg\" \/>\n\t<meta property=\"og:image:width\" content=\"1024\" \/>\n\t<meta property=\"og:image:height\" content=\"578\" \/>\n\t<meta property=\"og:image:type\" content=\"image\/jpeg\" \/>\n<meta name=\"author\" content=\"Tommaso Correale Santacroce\" \/>\n<meta name=\"twitter:card\" content=\"summary_large_image\" \/>\n<meta name=\"twitter:label1\" content=\"Written by\" \/>\n\t<meta name=\"twitter:data1\" content=\"Tommaso Correale Santacroce\" \/>\n\t<meta name=\"twitter:label2\" content=\"Est. reading time\" \/>\n\t<meta name=\"twitter:data2\" content=\"2 minutes\" \/>\n<script type=\"application\/ld+json\" class=\"yoast-schema-graph\">{\"@context\":\"https:\\\/\\\/schema.org\",\"@graph\":[{\"@type\":\"Article\",\"@id\":\"https:\\\/\\\/www.fondazionebassetti.org\\\/en\\\/segnalazioni_en\\\/2020\\\/11\\\/fondazione_bassetti_al_nationa#article\",\"isPartOf\":{\"@id\":\"https:\\\/\\\/www.fondazionebassetti.org\\\/en\\\/segnalazioni_en\\\/2020\\\/11\\\/fondazione_bassetti_al_nationa\"},\"author\":{\"name\":\"Tommaso Correale Santacroce\",\"@id\":\"https:\\\/\\\/www.fondazionebassetti.org\\\/en#\\\/schema\\\/person\\\/168d0c230d9f804733495a1f3c8a758c\"},\"headline\":\"Fondazione Bassetti al National Geographic Festival delle Scienze di Roma\",\"datePublished\":\"2020-11-27T15:08:48+00:00\",\"dateModified\":\"2023-12-03T16:49:13+00:00\",\"mainEntityOfPage\":{\"@id\":\"https:\\\/\\\/www.fondazionebassetti.org\\\/en\\\/segnalazioni_en\\\/2020\\\/11\\\/fondazione_bassetti_al_nationa\"},\"wordCount\":426,\"publisher\":{\"@id\":\"https:\\\/\\\/www.fondazionebassetti.org\\\/en#organization\"},\"image\":{\"@id\":\"https:\\\/\\\/www.fondazionebassetti.org\\\/en\\\/segnalazioni_en\\\/2020\\\/11\\\/fondazione_bassetti_al_nationa#primaryimage\"},\"thumbnailUrl\":\"https:\\\/\\\/www.fondazionebassetti.org\\\/wp-content\\\/uploads\\\/2022\\\/06\\\/14928_festival2020-130.jpg\",\"keywords\":[\"@Redazione FGB\",\"decisori pubblici\",\"festival\",\"Innovazione e Responsabilit\u00e0\",\"policymakers\",\"Politica\",\"report\",\"Responsibility and Science\",\"scienza\",\"scienza e societ\u00e0\"],\"articleSection\":[\"News\",\"Technoscience and life sciences\"],\"inLanguage\":\"en-US\"},{\"@type\":\"WebPage\",\"@id\":\"https:\\\/\\\/www.fondazionebassetti.org\\\/en\\\/segnalazioni_en\\\/2020\\\/11\\\/fondazione_bassetti_al_nationa\",\"url\":\"https:\\\/\\\/www.fondazionebassetti.org\\\/en\\\/segnalazioni_en\\\/2020\\\/11\\\/fondazione_bassetti_al_nationa\",\"name\":\"Fondazione Bassetti al National Geographic Festival delle Scienze di Roma - Fondazione Giannino Bassetti\",\"isPartOf\":{\"@id\":\"https:\\\/\\\/www.fondazionebassetti.org\\\/en#website\"},\"primaryImageOfPage\":{\"@id\":\"https:\\\/\\\/www.fondazionebassetti.org\\\/en\\\/segnalazioni_en\\\/2020\\\/11\\\/fondazione_bassetti_al_nationa#primaryimage\"},\"image\":{\"@id\":\"https:\\\/\\\/www.fondazionebassetti.org\\\/en\\\/segnalazioni_en\\\/2020\\\/11\\\/fondazione_bassetti_al_nationa#primaryimage\"},\"thumbnailUrl\":\"https:\\\/\\\/www.fondazionebassetti.org\\\/wp-content\\\/uploads\\\/2022\\\/06\\\/14928_festival2020-130.jpg\",\"datePublished\":\"2020-11-27T15:08:48+00:00\",\"dateModified\":\"2023-12-03T16:49:13+00:00\",\"breadcrumb\":{\"@id\":\"https:\\\/\\\/www.fondazionebassetti.org\\\/en\\\/segnalazioni_en\\\/2020\\\/11\\\/fondazione_bassetti_al_nationa#breadcrumb\"},\"inLanguage\":\"en-US\",\"potentialAction\":[{\"@type\":\"ReadAction\",\"target\":[\"https:\\\/\\\/www.fondazionebassetti.org\\\/en\\\/segnalazioni_en\\\/2020\\\/11\\\/fondazione_bassetti_al_nationa\"]}]},{\"@type\":\"ImageObject\",\"inLanguage\":\"en-US\",\"@id\":\"https:\\\/\\\/www.fondazionebassetti.org\\\/en\\\/segnalazioni_en\\\/2020\\\/11\\\/fondazione_bassetti_al_nationa#primaryimage\",\"url\":\"https:\\\/\\\/www.fondazionebassetti.org\\\/wp-content\\\/uploads\\\/2022\\\/06\\\/14928_festival2020-130.jpg\",\"contentUrl\":\"https:\\\/\\\/www.fondazionebassetti.org\\\/wp-content\\\/uploads\\\/2022\\\/06\\\/14928_festival2020-130.jpg\",\"width\":1024,\"height\":578},{\"@type\":\"BreadcrumbList\",\"@id\":\"https:\\\/\\\/www.fondazionebassetti.org\\\/en\\\/segnalazioni_en\\\/2020\\\/11\\\/fondazione_bassetti_al_nationa#breadcrumb\",\"itemListElement\":[{\"@type\":\"ListItem\",\"position\":1,\"name\":\"Home\",\"item\":\"https:\\\/\\\/www.fondazionebassetti.org\\\/en\"},{\"@type\":\"ListItem\",\"position\":2,\"name\":\"Fondazione Bassetti al National Geographic Festival delle Scienze di Roma\"}]},{\"@type\":\"WebSite\",\"@id\":\"https:\\\/\\\/www.fondazionebassetti.org\\\/en#website\",\"url\":\"https:\\\/\\\/www.fondazionebassetti.org\\\/en\",\"name\":\"Fondazione Giannino Bassetti\",\"description\":\"Fondazione Giannino Bassetti\",\"publisher\":{\"@id\":\"https:\\\/\\\/www.fondazionebassetti.org\\\/en#organization\"},\"alternateName\":\"FGB\",\"potentialAction\":[{\"@type\":\"SearchAction\",\"target\":{\"@type\":\"EntryPoint\",\"urlTemplate\":\"https:\\\/\\\/www.fondazionebassetti.org\\\/en?s={search_term_string}\"},\"query-input\":{\"@type\":\"PropertyValueSpecification\",\"valueRequired\":true,\"valueName\":\"search_term_string\"}}],\"inLanguage\":\"en-US\"},{\"@type\":\"Organization\",\"@id\":\"https:\\\/\\\/www.fondazionebassetti.org\\\/en#organization\",\"name\":\"Fondazione Giannino Bassetti ETS\",\"alternateName\":\"FGB\",\"url\":\"https:\\\/\\\/www.fondazionebassetti.org\\\/en\",\"logo\":{\"@type\":\"ImageObject\",\"inLanguage\":\"en-US\",\"@id\":\"https:\\\/\\\/www.fondazionebassetti.org\\\/en#\\\/schema\\\/logo\\\/image\\\/\",\"url\":\"https:\\\/\\\/www.fondazionebassetti.org\\\/wp-content\\\/uploads\\\/2025\\\/09\\\/logo696x696.jpg\",\"contentUrl\":\"https:\\\/\\\/www.fondazionebassetti.org\\\/wp-content\\\/uploads\\\/2025\\\/09\\\/logo696x696.jpg\",\"width\":696,\"height\":696,\"caption\":\"Fondazione Giannino Bassetti ETS\"},\"image\":{\"@id\":\"https:\\\/\\\/www.fondazionebassetti.org\\\/en#\\\/schema\\\/logo\\\/image\\\/\"}},{\"@type\":\"Person\",\"@id\":\"https:\\\/\\\/www.fondazionebassetti.org\\\/en#\\\/schema\\\/person\\\/168d0c230d9f804733495a1f3c8a758c\",\"name\":\"Tommaso Correale Santacroce\",\"url\":\"https:\\\/\\\/www.fondazionebassetti.org\\\/en\\\/author\\\/tommaso_correale_santacroce\"}]}<\/script>\n<!-- \/ Yoast SEO plugin. -->","yoast_head_json":{"title":"Fondazione Bassetti al National Geographic Festival delle Scienze di Roma - Fondazione Giannino Bassetti","robots":{"index":"index","follow":"follow","max-snippet":"max-snippet:-1","max-image-preview":"max-image-preview:large","max-video-preview":"max-video-preview:-1"},"canonical":"https:\/\/www.fondazionebassetti.org\/en\/segnalazioni_en\/2020\/11\/fondazione_bassetti_al_nationa","og_locale":"en_US","og_type":"article","og_title":"Fondazione Bassetti al National Geographic Festival delle Scienze di Roma - Fondazione Giannino Bassetti","og_description":"Leggi anche: i post sul progetto europeo SMART-map","og_url":"https:\/\/www.fondazionebassetti.org\/en\/segnalazioni_en\/2020\/11\/fondazione_bassetti_al_nationa","og_site_name":"Fondazione Giannino Bassetti","article_published_time":"2020-11-27T15:08:48+00:00","article_modified_time":"2023-12-03T16:49:13+00:00","og_image":[{"width":1024,"height":578,"url":"https:\/\/www.fondazionebassetti.org\/wp-content\/uploads\/2022\/06\/14928_festival2020-130.jpg","type":"image\/jpeg"}],"author":"Tommaso Correale Santacroce","twitter_card":"summary_large_image","twitter_misc":{"Written by":"Tommaso Correale Santacroce","Est. reading time":"2 minutes"},"schema":{"@context":"https:\/\/schema.org","@graph":[{"@type":"Article","@id":"https:\/\/www.fondazionebassetti.org\/en\/segnalazioni_en\/2020\/11\/fondazione_bassetti_al_nationa#article","isPartOf":{"@id":"https:\/\/www.fondazionebassetti.org\/en\/segnalazioni_en\/2020\/11\/fondazione_bassetti_al_nationa"},"author":{"name":"Tommaso Correale Santacroce","@id":"https:\/\/www.fondazionebassetti.org\/en#\/schema\/person\/168d0c230d9f804733495a1f3c8a758c"},"headline":"Fondazione Bassetti al National Geographic Festival delle Scienze di Roma","datePublished":"2020-11-27T15:08:48+00:00","dateModified":"2023-12-03T16:49:13+00:00","mainEntityOfPage":{"@id":"https:\/\/www.fondazionebassetti.org\/en\/segnalazioni_en\/2020\/11\/fondazione_bassetti_al_nationa"},"wordCount":426,"publisher":{"@id":"https:\/\/www.fondazionebassetti.org\/en#organization"},"image":{"@id":"https:\/\/www.fondazionebassetti.org\/en\/segnalazioni_en\/2020\/11\/fondazione_bassetti_al_nationa#primaryimage"},"thumbnailUrl":"https:\/\/www.fondazionebassetti.org\/wp-content\/uploads\/2022\/06\/14928_festival2020-130.jpg","keywords":["@Redazione FGB","decisori pubblici","festival","Innovazione e Responsabilit\u00e0","policymakers","Politica","report","Responsibility and Science","scienza","scienza e societ\u00e0"],"articleSection":["News","Technoscience and life sciences"],"inLanguage":"en-US"},{"@type":"WebPage","@id":"https:\/\/www.fondazionebassetti.org\/en\/segnalazioni_en\/2020\/11\/fondazione_bassetti_al_nationa","url":"https:\/\/www.fondazionebassetti.org\/en\/segnalazioni_en\/2020\/11\/fondazione_bassetti_al_nationa","name":"Fondazione Bassetti al National Geographic Festival delle Scienze di Roma - Fondazione Giannino Bassetti","isPartOf":{"@id":"https:\/\/www.fondazionebassetti.org\/en#website"},"primaryImageOfPage":{"@id":"https:\/\/www.fondazionebassetti.org\/en\/segnalazioni_en\/2020\/11\/fondazione_bassetti_al_nationa#primaryimage"},"image":{"@id":"https:\/\/www.fondazionebassetti.org\/en\/segnalazioni_en\/2020\/11\/fondazione_bassetti_al_nationa#primaryimage"},"thumbnailUrl":"https:\/\/www.fondazionebassetti.org\/wp-content\/uploads\/2022\/06\/14928_festival2020-130.jpg","datePublished":"2020-11-27T15:08:48+00:00","dateModified":"2023-12-03T16:49:13+00:00","breadcrumb":{"@id":"https:\/\/www.fondazionebassetti.org\/en\/segnalazioni_en\/2020\/11\/fondazione_bassetti_al_nationa#breadcrumb"},"inLanguage":"en-US","potentialAction":[{"@type":"ReadAction","target":["https:\/\/www.fondazionebassetti.org\/en\/segnalazioni_en\/2020\/11\/fondazione_bassetti_al_nationa"]}]},{"@type":"ImageObject","inLanguage":"en-US","@id":"https:\/\/www.fondazionebassetti.org\/en\/segnalazioni_en\/2020\/11\/fondazione_bassetti_al_nationa#primaryimage","url":"https:\/\/www.fondazionebassetti.org\/wp-content\/uploads\/2022\/06\/14928_festival2020-130.jpg","contentUrl":"https:\/\/www.fondazionebassetti.org\/wp-content\/uploads\/2022\/06\/14928_festival2020-130.jpg","width":1024,"height":578},{"@type":"BreadcrumbList","@id":"https:\/\/www.fondazionebassetti.org\/en\/segnalazioni_en\/2020\/11\/fondazione_bassetti_al_nationa#breadcrumb","itemListElement":[{"@type":"ListItem","position":1,"name":"Home","item":"https:\/\/www.fondazionebassetti.org\/en"},{"@type":"ListItem","position":2,"name":"Fondazione Bassetti al National Geographic Festival delle Scienze di Roma"}]},{"@type":"WebSite","@id":"https:\/\/www.fondazionebassetti.org\/en#website","url":"https:\/\/www.fondazionebassetti.org\/en","name":"Fondazione Giannino Bassetti","description":"Fondazione Giannino Bassetti","publisher":{"@id":"https:\/\/www.fondazionebassetti.org\/en#organization"},"alternateName":"FGB","potentialAction":[{"@type":"SearchAction","target":{"@type":"EntryPoint","urlTemplate":"https:\/\/www.fondazionebassetti.org\/en?s={search_term_string}"},"query-input":{"@type":"PropertyValueSpecification","valueRequired":true,"valueName":"search_term_string"}}],"inLanguage":"en-US"},{"@type":"Organization","@id":"https:\/\/www.fondazionebassetti.org\/en#organization","name":"Fondazione Giannino Bassetti ETS","alternateName":"FGB","url":"https:\/\/www.fondazionebassetti.org\/en","logo":{"@type":"ImageObject","inLanguage":"en-US","@id":"https:\/\/www.fondazionebassetti.org\/en#\/schema\/logo\/image\/","url":"https:\/\/www.fondazionebassetti.org\/wp-content\/uploads\/2025\/09\/logo696x696.jpg","contentUrl":"https:\/\/www.fondazionebassetti.org\/wp-content\/uploads\/2025\/09\/logo696x696.jpg","width":696,"height":696,"caption":"Fondazione Giannino Bassetti ETS"},"image":{"@id":"https:\/\/www.fondazionebassetti.org\/en#\/schema\/logo\/image\/"}},{"@type":"Person","@id":"https:\/\/www.fondazionebassetti.org\/en#\/schema\/person\/168d0c230d9f804733495a1f3c8a758c","name":"Tommaso Correale Santacroce","url":"https:\/\/www.fondazionebassetti.org\/en\/author\/tommaso_correale_santacroce"}]}},"_links":{"self":[{"href":"https:\/\/www.fondazionebassetti.org\/en\/wp-json\/wp\/v2\/posts\/29739","targetHints":{"allow":["GET"]}}],"collection":[{"href":"https:\/\/www.fondazionebassetti.org\/en\/wp-json\/wp\/v2\/posts"}],"about":[{"href":"https:\/\/www.fondazionebassetti.org\/en\/wp-json\/wp\/v2\/types\/post"}],"author":[{"embeddable":true,"href":"https:\/\/www.fondazionebassetti.org\/en\/wp-json\/wp\/v2\/users\/16"}],"replies":[{"embeddable":true,"href":"https:\/\/www.fondazionebassetti.org\/en\/wp-json\/wp\/v2\/comments?post=29739"}],"version-history":[{"count":2,"href":"https:\/\/www.fondazionebassetti.org\/en\/wp-json\/wp\/v2\/posts\/29739\/revisions"}],"predecessor-version":[{"id":32539,"href":"https:\/\/www.fondazionebassetti.org\/en\/wp-json\/wp\/v2\/posts\/29739\/revisions\/32539"}],"wp:featuredmedia":[{"embeddable":true,"href":"https:\/\/www.fondazionebassetti.org\/en\/wp-json\/wp\/v2\/media\/22783"}],"wp:attachment":[{"href":"https:\/\/www.fondazionebassetti.org\/en\/wp-json\/wp\/v2\/media?parent=29739"}],"wp:term":[{"taxonomy":"category","embeddable":true,"href":"https:\/\/www.fondazionebassetti.org\/en\/wp-json\/wp\/v2\/categories?post=29739"},{"taxonomy":"post_tag","embeddable":true,"href":"https:\/\/www.fondazionebassetti.org\/en\/wp-json\/wp\/v2\/tags?post=29739"}],"curies":[{"name":"wp","href":"https:\/\/api.w.org\/{rel}","templated":true}]}}