
{"id":29737,"date":"2020-12-15T16:26:03","date_gmt":"2020-12-15T15:26:03","guid":{"rendered":"https:\/\/www.fondazionebassetti.org\/2020\/12\/oltre_lo_specchio_di_alice___p"},"modified":"2020-12-15T16:26:03","modified_gmt":"2020-12-15T15:26:03","slug":"oltre_lo_specchio_di_alice___p","status":"publish","type":"post","link":"https:\/\/www.fondazionebassetti.org\/en\/segnalazioni_en\/2020\/12\/oltre_lo_specchio_di_alice___p","title":{"rendered":"Oltre lo specchio di Alice &#8211; presentazione al Dipartimento di Scienze Sociali di Pavia"},"content":{"rendered":"<p>Nell&#8217;ambito degli <a href=\"https:\/\/scienzepolitiche.unipv.it\/eventi-seminariali-organizzati-nellambito-dei-corsi-di-diritto-amministrativo-e-diritto-pubblico-comparato-del-corso-di-laurea-in-scienze-politiche-e-delle-relazioni-internazionali-2\/\" title=\"Scienze Politiche Universit\u00e0 di Pavia\">eventi seminariali<\/a> organizzati  per i Corsi di Diritto Amministrativo e Diritto Pubblico Comparato del Corso di Laurea in Scienze Politiche e delle Relazioni internazionali del Dipartimento di Scienze Politiche e Sociali dell&#8217;Universit\u00e0 di Pavia, mercoled\u00ec 16 dicembre 2020, verr\u00e0 presentato il libro &#8220;<strong>Oltre lo specchio di Alice<\/strong>&#8221; (Guerini e Associati Editore) di <strong>Piero Bassetti<\/strong>.<\/p>\n<p>L&#8217;evento si svolger\u00e0 su piattaforma Zoom all&#8217;indirizzo <a href=\"https:\/\/us02web.zoom.us\/j\/89270059208?pwd=K2VUSDZPcEt3cjhYSGZRSkdRWXhsUT09\" title=\"Zoom Meeting\">https:\/\/us02web.zoom.us\/j\/89270059208?pwd=K2VUSDZPcEt3cjhYSGZRSkdRWXhsUT09<\/a> dalle ore 14:00 alle ore 16:00 e vedr\u00e0 la partecipazione, oltre dell&#8217;autore, di <strong>Giampaolo Azzoni<\/strong> (<em>Prorettore dell&#8217;Universit\u00e0 degli Studi di Pavia<\/em>) e <strong>Francesco Samor\u00e8<\/strong> (<em>Segretario generale di Fondazione Giannino Bassetti<\/em>).<br \/>\nIntrodurr\u00e0 e concluder\u00e0 il Prof. <strong>Alessandro Venturi<\/strong> (<em>Universit\u00e0 di Pavia<\/em>).<\/p>\n<p>Il seminario \u00e8 aperto anche a chiunque volesse partecipare, oltre che a tutti gli studenti del Corso di Diritto Amministrativo e del Corso di Diritto Pubblico Comparato. <\/p>\n<p><strong><a href=\"https:\/\/www.fondazionebassetti.org\/ita\/segnalazioni\/doc\/Locandina%20Presentazione%20libro%20Bassetti_16_12%281%29.pdf\" title=\"PDF - locandina presentazione libro di Piero Bassetti\" alt=\"PDF - locandina presentazione libro di Piero Bassetti\">QUI la locandina<\/a><\/strong><\/p>\n<p>L&#8217;innovazione \u00e8 politica, perch\u00e9 essendo una forza imprime un senso ai nostri destini. Eppure dopo il trionfo dell&#8217;algoritmo, dopo il potere ai social, dopo la rivoluzione delle scienze della vita e della fisica quantistica, stringiamo tra le mani un potere orfano di potenza. Ci eravamo abituati a dire: ci\u00f2 che non funziona non vale. Eppure l&#8217;inanit\u00e0 valoriale di ci\u00f2 che \u00abpotentemente\u00bb troviamo continua ad alimentare il nichilismo. Come Alice, abbiamo spiccato il balzo oltre lo specchio, per approdare nel paese delle meraviglie. Ma qui la vecchia strumentazione di gestione del potere, le sue usurate redini, non tengono pi\u00f9. A chi vada attribuita la funzione di sostituirle \u00e8 un interrogativo al quale non ci si pu\u00f2 sottrarre. In un mondo trasformato dall&#8217;innovazione e dal glocalismo, l&#8217;emergere di nuove soggettivit\u00e0 e la formazione delle loro volont\u00e0 politiche interrogano la capacit\u00e0, da parte delle istituzioni, di trasformarsi conciliando valori e fini: attingendo a mezzi molto diversi da quando furono concepite. Allora l&#8217;esercizio provocatorio della ragione non \u00e8 materia da indovini, ma da classi dirigenti responsabili predisposte alla visione del futuro.<br \/>\nIl volume \u00e8 il primo della collana &#8220;Innovazione \u00e8 potere&#8221; diretta da Francesco Samor\u00e8 per Fondazione Giannino Bassetti.<\/p>\n<p>Per acquistare &#8220;Oltre lo specchio di Alice&#8221;: <a href=\"http:\/\/www.libridasporto.it\" title=\"Libri da Asporto\">Libri da Asporto<\/a>, <a href=\"https:\/\/tidd.ly\/3pxHHTI\" title=\"La Feltrinelli - Oltre lo specchio di Alice\">Feltrinelli.it<\/a>, <a href=\"https:\/\/tidd.ly\/2IIfA3c\" title=\"IBS - Oltre lo specchio di Alice\">IBS<\/a>, <a href=\"https:\/\/www.amazon.it\/Oltre-specchio-alice-Governare-linnovazione\/dp\/8862507933\" title=\"Amazon - Oltre lo specchio di Alice\">Amazon<\/a>.<\/p>\n<p>&#8212;&#8212;&#8212;&#8212;&#8212;&#8212;-<\/p>\n","protected":false},"excerpt":{"rendered":"<div class=\"image\"><a href=\"\/it\/segnalazioni\/2020\/12\/oltre_lo_specchio_di_alice_-_p.html\"><img loading=\"lazy\" decoding=\"async\" src=\"\/it\/segnalazioni\/img\/Oltre-lo-specchio-presentazione-130.jpg\" width=\"130\" height=\"130\" border=\"0\" alt=\"Oltre lo specchio di Alice - presentazione al Dipartimento di Scienze Sociali di Pavia\" title=\"Oltre lo specchio di Alice - presentazione al Dipartimento di Scienze Sociali di Pavia\" \/><\/a><\/div>\n<div class=\"info\">\n<div class=\"vedianche\">Leggi anche: <a href=\"\/it\/focus\/2020\/11\/oltre_lo_specchio_di_alice.html\" title=\"FGB Focus\">Oltre lo specchio di Alice di Piero Bassetti<\/a> e  altri scritti di <a href=\"\/authors\/Piero%20Bassetti\" title=\"FGB Autori - Piero Bassetti\">Piero Bassetti<\/a><\/div>\n<\/div>\n","protected":false},"author":16,"featured_media":22789,"comment_status":"closed","ping_status":"closed","sticky":false,"template":"","format":"standard","meta":{"_acf_changed":false,"mc4wp_mailchimp_campaign":[],"footnotes":""},"categories":[5295,2793,5289],"tags":[3933,4001,5346,4316,3913,3976,4177],"class_list":["post-29737","post","type-post","status-publish","format-standard","has-post-thumbnail","hentry","category-governance_and_statehood_en","category-innovation_poiesis_intensive","category-segnalazioni_en","tag-redazione_fgb_en","tag-innovation_and_politics_en","tag-innovazione_e_responsabilita_en","tag-innovazione_poiesis_intensive_en","tag-politica_en","tag-potere_en","tag-pubblicazioni_en"],"acf":[],"yoast_head":"<!-- This site is optimized with the Yoast SEO plugin v27.5 - https:\/\/yoast.com\/product\/yoast-seo-wordpress\/ -->\n<title>Oltre lo specchio di Alice - presentazione al Dipartimento di Scienze Sociali di Pavia - Fondazione Giannino Bassetti<\/title>\n<meta name=\"robots\" content=\"index, follow, max-snippet:-1, max-image-preview:large, max-video-preview:-1\" \/>\n<link rel=\"canonical\" href=\"https:\/\/www.fondazionebassetti.org\/en\/segnalazioni_en\/2020\/12\/oltre_lo_specchio_di_alice___p\" \/>\n<meta property=\"og:locale\" content=\"en_US\" \/>\n<meta property=\"og:type\" content=\"article\" \/>\n<meta property=\"og:title\" content=\"Oltre lo specchio di Alice - presentazione al Dipartimento di Scienze Sociali di Pavia - Fondazione Giannino Bassetti\" \/>\n<meta property=\"og:description\" content=\"Leggi anche: Oltre lo specchio di Alice di Piero Bassetti e altri scritti di Piero Bassetti\" \/>\n<meta property=\"og:url\" content=\"https:\/\/www.fondazionebassetti.org\/en\/segnalazioni_en\/2020\/12\/oltre_lo_specchio_di_alice___p\" \/>\n<meta property=\"og:site_name\" content=\"Fondazione Giannino Bassetti\" \/>\n<meta property=\"article:published_time\" content=\"2020-12-15T15:26:03+00:00\" \/>\n<meta name=\"author\" content=\"Tommaso Correale Santacroce\" \/>\n<meta name=\"twitter:card\" content=\"summary_large_image\" \/>\n<meta name=\"twitter:label1\" content=\"Written by\" \/>\n\t<meta name=\"twitter:data1\" content=\"Tommaso Correale Santacroce\" \/>\n\t<meta name=\"twitter:label2\" content=\"Est. reading time\" \/>\n\t<meta name=\"twitter:data2\" content=\"2 minutes\" \/>\n<script type=\"application\/ld+json\" class=\"yoast-schema-graph\">{\"@context\":\"https:\\\/\\\/schema.org\",\"@graph\":[{\"@type\":\"Article\",\"@id\":\"https:\\\/\\\/www.fondazionebassetti.org\\\/en\\\/segnalazioni_en\\\/2020\\\/12\\\/oltre_lo_specchio_di_alice___p#article\",\"isPartOf\":{\"@id\":\"https:\\\/\\\/www.fondazionebassetti.org\\\/en\\\/segnalazioni_en\\\/2020\\\/12\\\/oltre_lo_specchio_di_alice___p\"},\"author\":{\"name\":\"Tommaso Correale Santacroce\",\"@id\":\"https:\\\/\\\/www.fondazionebassetti.org\\\/en#\\\/schema\\\/person\\\/168d0c230d9f804733495a1f3c8a758c\"},\"headline\":\"Oltre lo specchio di Alice &#8211; presentazione al Dipartimento di Scienze Sociali di Pavia\",\"datePublished\":\"2020-12-15T15:26:03+00:00\",\"mainEntityOfPage\":{\"@id\":\"https:\\\/\\\/www.fondazionebassetti.org\\\/en\\\/segnalazioni_en\\\/2020\\\/12\\\/oltre_lo_specchio_di_alice___p\"},\"wordCount\":369,\"publisher\":{\"@id\":\"https:\\\/\\\/www.fondazionebassetti.org\\\/en#organization\"},\"image\":{\"@id\":\"https:\\\/\\\/www.fondazionebassetti.org\\\/en\\\/segnalazioni_en\\\/2020\\\/12\\\/oltre_lo_specchio_di_alice___p#primaryimage\"},\"thumbnailUrl\":\"https:\\\/\\\/www.fondazionebassetti.org\\\/wp-content\\\/uploads\\\/2022\\\/06\\\/14931_Oltre-lo-specchio-presentazione-130.jpg\",\"keywords\":[\"@Redazione FGB\",\"innovation and politics\",\"Innovazione e Responsabilit\u00e0\",\"innovazione poiesis intensive\",\"Politica\",\"potere\",\"pubblicazioni\"],\"articleSection\":[\"Governance and statehood\",\"Innovation Poiesis Intensive\",\"News\"],\"inLanguage\":\"en-US\"},{\"@type\":\"WebPage\",\"@id\":\"https:\\\/\\\/www.fondazionebassetti.org\\\/en\\\/segnalazioni_en\\\/2020\\\/12\\\/oltre_lo_specchio_di_alice___p\",\"url\":\"https:\\\/\\\/www.fondazionebassetti.org\\\/en\\\/segnalazioni_en\\\/2020\\\/12\\\/oltre_lo_specchio_di_alice___p\",\"name\":\"Oltre lo specchio di Alice - presentazione al Dipartimento di Scienze Sociali di Pavia - Fondazione Giannino Bassetti\",\"isPartOf\":{\"@id\":\"https:\\\/\\\/www.fondazionebassetti.org\\\/en#website\"},\"primaryImageOfPage\":{\"@id\":\"https:\\\/\\\/www.fondazionebassetti.org\\\/en\\\/segnalazioni_en\\\/2020\\\/12\\\/oltre_lo_specchio_di_alice___p#primaryimage\"},\"image\":{\"@id\":\"https:\\\/\\\/www.fondazionebassetti.org\\\/en\\\/segnalazioni_en\\\/2020\\\/12\\\/oltre_lo_specchio_di_alice___p#primaryimage\"},\"thumbnailUrl\":\"https:\\\/\\\/www.fondazionebassetti.org\\\/wp-content\\\/uploads\\\/2022\\\/06\\\/14931_Oltre-lo-specchio-presentazione-130.jpg\",\"datePublished\":\"2020-12-15T15:26:03+00:00\",\"breadcrumb\":{\"@id\":\"https:\\\/\\\/www.fondazionebassetti.org\\\/en\\\/segnalazioni_en\\\/2020\\\/12\\\/oltre_lo_specchio_di_alice___p#breadcrumb\"},\"inLanguage\":\"en-US\",\"potentialAction\":[{\"@type\":\"ReadAction\",\"target\":[\"https:\\\/\\\/www.fondazionebassetti.org\\\/en\\\/segnalazioni_en\\\/2020\\\/12\\\/oltre_lo_specchio_di_alice___p\"]}]},{\"@type\":\"ImageObject\",\"inLanguage\":\"en-US\",\"@id\":\"https:\\\/\\\/www.fondazionebassetti.org\\\/en\\\/segnalazioni_en\\\/2020\\\/12\\\/oltre_lo_specchio_di_alice___p#primaryimage\",\"url\":\"https:\\\/\\\/www.fondazionebassetti.org\\\/wp-content\\\/uploads\\\/2022\\\/06\\\/14931_Oltre-lo-specchio-presentazione-130.jpg\",\"contentUrl\":\"https:\\\/\\\/www.fondazionebassetti.org\\\/wp-content\\\/uploads\\\/2022\\\/06\\\/14931_Oltre-lo-specchio-presentazione-130.jpg\",\"width\":1024,\"height\":578},{\"@type\":\"BreadcrumbList\",\"@id\":\"https:\\\/\\\/www.fondazionebassetti.org\\\/en\\\/segnalazioni_en\\\/2020\\\/12\\\/oltre_lo_specchio_di_alice___p#breadcrumb\",\"itemListElement\":[{\"@type\":\"ListItem\",\"position\":1,\"name\":\"Home\",\"item\":\"https:\\\/\\\/www.fondazionebassetti.org\\\/en\"},{\"@type\":\"ListItem\",\"position\":2,\"name\":\"Oltre lo specchio di Alice &#8211; presentazione al Dipartimento di Scienze Sociali di Pavia\"}]},{\"@type\":\"WebSite\",\"@id\":\"https:\\\/\\\/www.fondazionebassetti.org\\\/en#website\",\"url\":\"https:\\\/\\\/www.fondazionebassetti.org\\\/en\",\"name\":\"Fondazione Giannino Bassetti\",\"description\":\"Fondazione Giannino Bassetti\",\"publisher\":{\"@id\":\"https:\\\/\\\/www.fondazionebassetti.org\\\/en#organization\"},\"alternateName\":\"FGB\",\"potentialAction\":[{\"@type\":\"SearchAction\",\"target\":{\"@type\":\"EntryPoint\",\"urlTemplate\":\"https:\\\/\\\/www.fondazionebassetti.org\\\/en?s={search_term_string}\"},\"query-input\":{\"@type\":\"PropertyValueSpecification\",\"valueRequired\":true,\"valueName\":\"search_term_string\"}}],\"inLanguage\":\"en-US\"},{\"@type\":\"Organization\",\"@id\":\"https:\\\/\\\/www.fondazionebassetti.org\\\/en#organization\",\"name\":\"Fondazione Giannino Bassetti ETS\",\"alternateName\":\"FGB\",\"url\":\"https:\\\/\\\/www.fondazionebassetti.org\\\/en\",\"logo\":{\"@type\":\"ImageObject\",\"inLanguage\":\"en-US\",\"@id\":\"https:\\\/\\\/www.fondazionebassetti.org\\\/en#\\\/schema\\\/logo\\\/image\\\/\",\"url\":\"https:\\\/\\\/www.fondazionebassetti.org\\\/wp-content\\\/uploads\\\/2025\\\/09\\\/logo696x696.jpg\",\"contentUrl\":\"https:\\\/\\\/www.fondazionebassetti.org\\\/wp-content\\\/uploads\\\/2025\\\/09\\\/logo696x696.jpg\",\"width\":696,\"height\":696,\"caption\":\"Fondazione Giannino Bassetti ETS\"},\"image\":{\"@id\":\"https:\\\/\\\/www.fondazionebassetti.org\\\/en#\\\/schema\\\/logo\\\/image\\\/\"}},{\"@type\":\"Person\",\"@id\":\"https:\\\/\\\/www.fondazionebassetti.org\\\/en#\\\/schema\\\/person\\\/168d0c230d9f804733495a1f3c8a758c\",\"name\":\"Tommaso Correale Santacroce\",\"url\":\"https:\\\/\\\/www.fondazionebassetti.org\\\/en\\\/author\\\/tommaso_correale_santacroce\"}]}<\/script>\n<!-- \/ Yoast SEO plugin. -->","yoast_head_json":{"title":"Oltre lo specchio di Alice - presentazione al Dipartimento di Scienze Sociali di Pavia - Fondazione Giannino Bassetti","robots":{"index":"index","follow":"follow","max-snippet":"max-snippet:-1","max-image-preview":"max-image-preview:large","max-video-preview":"max-video-preview:-1"},"canonical":"https:\/\/www.fondazionebassetti.org\/en\/segnalazioni_en\/2020\/12\/oltre_lo_specchio_di_alice___p","og_locale":"en_US","og_type":"article","og_title":"Oltre lo specchio di Alice - presentazione al Dipartimento di Scienze Sociali di Pavia - Fondazione Giannino Bassetti","og_description":"Leggi anche: Oltre lo specchio di Alice di Piero Bassetti e altri scritti di Piero Bassetti","og_url":"https:\/\/www.fondazionebassetti.org\/en\/segnalazioni_en\/2020\/12\/oltre_lo_specchio_di_alice___p","og_site_name":"Fondazione Giannino Bassetti","article_published_time":"2020-12-15T15:26:03+00:00","author":"Tommaso Correale Santacroce","twitter_card":"summary_large_image","twitter_misc":{"Written by":"Tommaso Correale Santacroce","Est. reading time":"2 minutes"},"schema":{"@context":"https:\/\/schema.org","@graph":[{"@type":"Article","@id":"https:\/\/www.fondazionebassetti.org\/en\/segnalazioni_en\/2020\/12\/oltre_lo_specchio_di_alice___p#article","isPartOf":{"@id":"https:\/\/www.fondazionebassetti.org\/en\/segnalazioni_en\/2020\/12\/oltre_lo_specchio_di_alice___p"},"author":{"name":"Tommaso Correale Santacroce","@id":"https:\/\/www.fondazionebassetti.org\/en#\/schema\/person\/168d0c230d9f804733495a1f3c8a758c"},"headline":"Oltre lo specchio di Alice &#8211; presentazione al Dipartimento di Scienze Sociali di Pavia","datePublished":"2020-12-15T15:26:03+00:00","mainEntityOfPage":{"@id":"https:\/\/www.fondazionebassetti.org\/en\/segnalazioni_en\/2020\/12\/oltre_lo_specchio_di_alice___p"},"wordCount":369,"publisher":{"@id":"https:\/\/www.fondazionebassetti.org\/en#organization"},"image":{"@id":"https:\/\/www.fondazionebassetti.org\/en\/segnalazioni_en\/2020\/12\/oltre_lo_specchio_di_alice___p#primaryimage"},"thumbnailUrl":"https:\/\/www.fondazionebassetti.org\/wp-content\/uploads\/2022\/06\/14931_Oltre-lo-specchio-presentazione-130.jpg","keywords":["@Redazione FGB","innovation and politics","Innovazione e Responsabilit\u00e0","innovazione poiesis intensive","Politica","potere","pubblicazioni"],"articleSection":["Governance and statehood","Innovation Poiesis Intensive","News"],"inLanguage":"en-US"},{"@type":"WebPage","@id":"https:\/\/www.fondazionebassetti.org\/en\/segnalazioni_en\/2020\/12\/oltre_lo_specchio_di_alice___p","url":"https:\/\/www.fondazionebassetti.org\/en\/segnalazioni_en\/2020\/12\/oltre_lo_specchio_di_alice___p","name":"Oltre lo specchio di Alice - presentazione al Dipartimento di Scienze Sociali di Pavia - Fondazione Giannino Bassetti","isPartOf":{"@id":"https:\/\/www.fondazionebassetti.org\/en#website"},"primaryImageOfPage":{"@id":"https:\/\/www.fondazionebassetti.org\/en\/segnalazioni_en\/2020\/12\/oltre_lo_specchio_di_alice___p#primaryimage"},"image":{"@id":"https:\/\/www.fondazionebassetti.org\/en\/segnalazioni_en\/2020\/12\/oltre_lo_specchio_di_alice___p#primaryimage"},"thumbnailUrl":"https:\/\/www.fondazionebassetti.org\/wp-content\/uploads\/2022\/06\/14931_Oltre-lo-specchio-presentazione-130.jpg","datePublished":"2020-12-15T15:26:03+00:00","breadcrumb":{"@id":"https:\/\/www.fondazionebassetti.org\/en\/segnalazioni_en\/2020\/12\/oltre_lo_specchio_di_alice___p#breadcrumb"},"inLanguage":"en-US","potentialAction":[{"@type":"ReadAction","target":["https:\/\/www.fondazionebassetti.org\/en\/segnalazioni_en\/2020\/12\/oltre_lo_specchio_di_alice___p"]}]},{"@type":"ImageObject","inLanguage":"en-US","@id":"https:\/\/www.fondazionebassetti.org\/en\/segnalazioni_en\/2020\/12\/oltre_lo_specchio_di_alice___p#primaryimage","url":"https:\/\/www.fondazionebassetti.org\/wp-content\/uploads\/2022\/06\/14931_Oltre-lo-specchio-presentazione-130.jpg","contentUrl":"https:\/\/www.fondazionebassetti.org\/wp-content\/uploads\/2022\/06\/14931_Oltre-lo-specchio-presentazione-130.jpg","width":1024,"height":578},{"@type":"BreadcrumbList","@id":"https:\/\/www.fondazionebassetti.org\/en\/segnalazioni_en\/2020\/12\/oltre_lo_specchio_di_alice___p#breadcrumb","itemListElement":[{"@type":"ListItem","position":1,"name":"Home","item":"https:\/\/www.fondazionebassetti.org\/en"},{"@type":"ListItem","position":2,"name":"Oltre lo specchio di Alice &#8211; presentazione al Dipartimento di Scienze Sociali di Pavia"}]},{"@type":"WebSite","@id":"https:\/\/www.fondazionebassetti.org\/en#website","url":"https:\/\/www.fondazionebassetti.org\/en","name":"Fondazione Giannino Bassetti","description":"Fondazione Giannino Bassetti","publisher":{"@id":"https:\/\/www.fondazionebassetti.org\/en#organization"},"alternateName":"FGB","potentialAction":[{"@type":"SearchAction","target":{"@type":"EntryPoint","urlTemplate":"https:\/\/www.fondazionebassetti.org\/en?s={search_term_string}"},"query-input":{"@type":"PropertyValueSpecification","valueRequired":true,"valueName":"search_term_string"}}],"inLanguage":"en-US"},{"@type":"Organization","@id":"https:\/\/www.fondazionebassetti.org\/en#organization","name":"Fondazione Giannino Bassetti ETS","alternateName":"FGB","url":"https:\/\/www.fondazionebassetti.org\/en","logo":{"@type":"ImageObject","inLanguage":"en-US","@id":"https:\/\/www.fondazionebassetti.org\/en#\/schema\/logo\/image\/","url":"https:\/\/www.fondazionebassetti.org\/wp-content\/uploads\/2025\/09\/logo696x696.jpg","contentUrl":"https:\/\/www.fondazionebassetti.org\/wp-content\/uploads\/2025\/09\/logo696x696.jpg","width":696,"height":696,"caption":"Fondazione Giannino Bassetti ETS"},"image":{"@id":"https:\/\/www.fondazionebassetti.org\/en#\/schema\/logo\/image\/"}},{"@type":"Person","@id":"https:\/\/www.fondazionebassetti.org\/en#\/schema\/person\/168d0c230d9f804733495a1f3c8a758c","name":"Tommaso Correale Santacroce","url":"https:\/\/www.fondazionebassetti.org\/en\/author\/tommaso_correale_santacroce"}]}},"_links":{"self":[{"href":"https:\/\/www.fondazionebassetti.org\/en\/wp-json\/wp\/v2\/posts\/29737","targetHints":{"allow":["GET"]}}],"collection":[{"href":"https:\/\/www.fondazionebassetti.org\/en\/wp-json\/wp\/v2\/posts"}],"about":[{"href":"https:\/\/www.fondazionebassetti.org\/en\/wp-json\/wp\/v2\/types\/post"}],"author":[{"embeddable":true,"href":"https:\/\/www.fondazionebassetti.org\/en\/wp-json\/wp\/v2\/users\/16"}],"replies":[{"embeddable":true,"href":"https:\/\/www.fondazionebassetti.org\/en\/wp-json\/wp\/v2\/comments?post=29737"}],"version-history":[{"count":0,"href":"https:\/\/www.fondazionebassetti.org\/en\/wp-json\/wp\/v2\/posts\/29737\/revisions"}],"wp:featuredmedia":[{"embeddable":true,"href":"https:\/\/www.fondazionebassetti.org\/en\/wp-json\/wp\/v2\/media\/22789"}],"wp:attachment":[{"href":"https:\/\/www.fondazionebassetti.org\/en\/wp-json\/wp\/v2\/media?parent=29737"}],"wp:term":[{"taxonomy":"category","embeddable":true,"href":"https:\/\/www.fondazionebassetti.org\/en\/wp-json\/wp\/v2\/categories?post=29737"},{"taxonomy":"post_tag","embeddable":true,"href":"https:\/\/www.fondazionebassetti.org\/en\/wp-json\/wp\/v2\/tags?post=29737"}],"curies":[{"name":"wp","href":"https:\/\/api.w.org\/{rel}","templated":true}]}}