
{"id":29727,"date":"2021-03-15T09:26:45","date_gmt":"2021-03-15T08:26:45","guid":{"rendered":"https:\/\/www.fondazionebassetti.org\/2021\/03\/oltre_lo_specchio_di_alice_imm_1"},"modified":"2024-04-16T10:38:04","modified_gmt":"2024-04-16T08:38:04","slug":"oltre_lo_specchio_di_alice_imm_1","status":"publish","type":"post","link":"https:\/\/www.fondazionebassetti.org\/en\/segnalazioni_en\/2021\/03\/oltre_lo_specchio_di_alice_imm_1","title":{"rendered":"Oltre lo specchio di Alice: immaginazione e rischio &#8211; Milano Digital Week"},"content":{"rendered":"<p>In occasione dell&#8217;uscita del suo nuovo libro Piero Bassetti, autore di &#8220;<a href=\"https:\/\/www.guerini.it\/index.php\/prodotto\/oltre-lo-specchio-di-alice\/\" title=\"Guerini e Associati Editore\">Oltre lo specchio di Alice. Governare l&#8217;innovazione nel cambiamento d&#8217;epoca<\/a>&#8221; dialogher\u00e0 con Federica Spampinato, autrice di &#8220;<a href=\"https:\/\/www.guerini.it\/index.php\/prodotto\/la-nuova-scienza-del-rischio\/\" title=\"Guerini e Associati Editore\">La nuova scienza del rischio. L&#8217;arte dell&#8217;immaginazione, della difesa e della protezione<\/a>&#8221; ambedue editi da Guerini e Associati.<\/p>\n<p>L&#8217;incontro si svolger\u00e0 il 18 marzo alle ore 17:00 nell&#8217;ambito della <a href=\"https:\/\/www.milanodigitalweek.com\/\" title=\"Milano Digital Week\">MILANO DIGITAL WEEK 2021<\/a>.<br \/>\nL&#8217;edizione di quest&#8217;anno sar\u00e0 in versione digitale e per seguire l&#8217;incontro <strong>baster\u00e0 collegarsi a <a href=\"https:\/\/www.milanodigitalweek.com\/oltre-lo-specchio-di-alice\/\" title=\"Milano Digital Week\" alt=\"Milano Digital Week\">questo LINK<\/a><\/strong>.<\/p>\n<p>Piero Bassetti:<br \/>\n&#8220;Ciascuno di noi, a me sembra, placa il proprio demone quando sente di essere sintonizzato &#8211; lavorando, scegliendo, vivendo &#8211; sulle cose in assoluto importanti&#8221;<br \/>\n&#8220;Il vecchio assetto si \u00e8 rotto; a questo punto si pone il problema: come fai a fare ci\u00f2 che non sai? \u00c8 vero che le cose pi\u00f9 interessanti, oggi, le facciamo nel reame del &#8216;non sapere&#8217;?&#8221;<br \/>\n&#8220;Credo sia essenziale rendersi conto che la possibilit\u00e0 di innovare, cio\u00e8 di intraprendere associandosi a un&#8217;idea assoluta di rischio, non \u00e8 ancora completamente razionalizzata dall&#8217;uomo&#8221;<\/p>\n<p>Federica Spampinato:<br \/>\n&#8220;La migliore previsione del futuro \u00e8 quella che non si realizza&#8221;<br \/>\n&#8220;Guardare la tecnologia nell&#8217;ottica dell&#8217;evoluzionismo permette di oltrepassare lo stigma cui \u00e8 condannata e rinviare la responsabilit\u00e0 all&#8217;uomo&#8221;<br \/>\n&#8220;Se la tecnologia perde il connotato di causa della fine del mondo e si libera dalla logica deterministica cui \u00e8 relegata, l&#8217;uomo pu\u00f2 ritornare a essere la finalit\u00e0 dell&#8217;uomo&#8221;<\/p>\n<p>Queste le immagini della campagna di comunicazione:<\/p>\n<div align=\"center\"><a href=\"\/segnalazioni\/assets_c\/2021\/03\/01-Day2-3088\" onclick=\"window.open('\/it\/segnalazioni\/assets_c\/2021\/03\/01-Day2-3088.html','popup','width=1218,height=1219,scrollbars=yes,resizable=no,toolbar=no,directories=no,location=no,menubar=no,status=no,left=0,top=0'); return false\"><img loading=\"lazy\" decoding=\"async\" src=\"\/ita\/segnalazioni\/assets_c\/2021\/03\/01-Day2-thumb-130xauto-3088.jpg\" width=\"130\" height=\"130\" alt=\"01-Day2.jpg\" \/><\/a>  <a href=\"\/segnalazioni\/assets_c\/2021\/03\/02-Live-Talk-giallo-3085\" onclick=\"window.open('\/it\/segnalazioni\/assets_c\/2021\/03\/02-Live-Talk-giallo-3085.html','popup','width=1232,height=1233,scrollbars=yes,resizable=no,toolbar=no,directories=no,location=no,menubar=no,status=no,left=0,top=0'); return false\"><img loading=\"lazy\" decoding=\"async\" src=\"\/ita\/segnalazioni\/assets_c\/2021\/03\/02-Live-Talk-giallo-thumb-130xauto-3085.jpg\" width=\"130\" height=\"130\" alt=\"02-Live-Talk-giallo.jpg\" \/><\/a>  <a href=\"\/segnalazioni\/assets_c\/2021\/03\/03-Live-Talk-rosso-3082\" onclick=\"window.open('\/it\/segnalazioni\/assets_c\/2021\/03\/03-Live-Talk-rosso-3082.html','popup','width=1232,height=1233,scrollbars=yes,resizable=no,toolbar=no,directories=no,location=no,menubar=no,status=no,left=0,top=0'); return false\"><img loading=\"lazy\" decoding=\"async\" src=\"\/ita\/segnalazioni\/assets_c\/2021\/03\/03-Live-Talk-rosso-thumb-130xauto-3082.jpg\" width=\"130\" height=\"130\" alt=\"03-Live-Talk-rosso.jpg\" \/><\/a>  <a href=\"\/segnalazioni\/assets_c\/2021\/03\/04-Live-Talk-viola-3076\" onclick=\"window.open('\/it\/segnalazioni\/assets_c\/2021\/03\/04-Live-Talk-viola-3076.html','popup','width=1232,height=1233,scrollbars=yes,resizable=no,toolbar=no,directories=no,location=no,menubar=no,status=no,left=0,top=0'); return false\"><img loading=\"lazy\" decoding=\"async\" src=\"\/ita\/segnalazioni\/assets_c\/2021\/03\/04-Live-Talk-viola-thumb-130xauto-3076.jpg\" width=\"130\" height=\"130\" alt=\"04-Live-Talk-viola.jpg\" \/><\/a>  <a href=\"\/segnalazioni\/assets_c\/2021\/03\/05-Live-Talk-azzurro-3075\" onclick=\"window.open('\/it\/segnalazioni\/assets_c\/2021\/03\/05-Live-Talk-azzurro-3075.html','popup','width=1231,height=1232,scrollbars=yes,resizable=no,toolbar=no,directories=no,location=no,menubar=no,status=no,left=0,top=0'); return false\"><img loading=\"lazy\" decoding=\"async\" src=\"\/ita\/segnalazioni\/assets_c\/2021\/03\/05-Live-Talk-azzurro-thumb-130xauto-3075.jpg\" width=\"130\" height=\"130\" alt=\"05-Live-Talk-azzurro.jpg\" \/><\/a>  <a href=\"\/segnalazioni\/assets_c\/2021\/03\/06-Live-Talk-ritratti-3077\" onclick=\"window.open('\/it\/segnalazioni\/assets_c\/2021\/03\/06-Live-Talk-ritratti-3077.html','popup','width=1239,height=1240,scrollbars=yes,resizable=no,toolbar=no,directories=no,location=no,menubar=no,status=no,left=0,top=0'); return false\"><img loading=\"lazy\" decoding=\"async\" src=\"\/ita\/segnalazioni\/assets_c\/2021\/03\/06-Live-Talk-ritratti-thumb-130xauto-3077.jpg\" width=\"130\" height=\"130\" alt=\"06-Live-Talk-ritratti.jpg\" \/><\/a>  <a href=\"\/segnalazioni\/assets_c\/2021\/03\/07-FGB-GAE-X-MDW-3084\" onclick=\"window.open('\/it\/segnalazioni\/assets_c\/2021\/03\/07-FGB-GAE-X-MDW-3084.html','popup','width=1242,height=1243,scrollbars=yes,resizable=no,toolbar=no,directories=no,location=no,menubar=no,status=no,left=0,top=0'); return false\"><img loading=\"lazy\" decoding=\"async\" src=\"\/ita\/segnalazioni\/assets_c\/2021\/03\/07-FGB-GAE-X-MDW-thumb-130xauto-3084.jpg\" width=\"130\" height=\"130\" alt=\"07-FGB-GAE-X-MDW.jpg\" \/><\/a>  <a href=\"\/segnalazioni\/assets_c\/2021\/03\/08-ritratto-Bassetti-3090\" onclick=\"window.open('\/it\/segnalazioni\/assets_c\/2021\/03\/08-ritratto-Bassetti-3090.html','popup','width=1243,height=1244,scrollbars=yes,resizable=no,toolbar=no,directories=no,location=no,menubar=no,status=no,left=0,top=0'); return false\"><img loading=\"lazy\" decoding=\"async\" src=\"\/ita\/segnalazioni\/assets_c\/2021\/03\/08-ritratto-Bassetti-thumb-130xauto-3090.jpg\" width=\"130\" height=\"130\" alt=\"08-ritratto-Bassetti.jpg\" \/><\/a>  <a href=\"\/segnalazioni\/assets_c\/2021\/03\/09-ritratto-Spampinato-3087\" onclick=\"window.open('\/it\/segnalazioni\/assets_c\/2021\/03\/09-ritratto-Spampinato-3087.html','popup','width=1232,height=1233,scrollbars=yes,resizable=no,toolbar=no,directories=no,location=no,menubar=no,status=no,left=0,top=0'); return false\"><img loading=\"lazy\" decoding=\"async\" src=\"\/ita\/segnalazioni\/assets_c\/2021\/03\/09-ritratto-Spampinato-thumb-130xauto-3087.jpg\" width=\"130\" height=\"130\" alt=\"09-ritratto-Spampinato.jpg\" \/><\/a>  <a href=\"\/segnalazioni\/assets_c\/2021\/03\/10-cit-Bassetti-3078\" onclick=\"window.open('\/it\/segnalazioni\/assets_c\/2021\/03\/10-cit-Bassetti-3078.html','popup','width=1241,height=1242,scrollbars=yes,resizable=no,toolbar=no,directories=no,location=no,menubar=no,status=no,left=0,top=0'); return false\"><img loading=\"lazy\" decoding=\"async\" src=\"\/ita\/segnalazioni\/assets_c\/2021\/03\/10-cit-Bassetti-thumb-130xauto-3078.jpg\" width=\"130\" height=\"130\" alt=\"10-cit-Bassetti.jpg\" \/><\/a>  <a href=\"\/segnalazioni\/assets_c\/2021\/03\/11-cit-Bassetti-3083\" onclick=\"window.open('\/it\/segnalazioni\/assets_c\/2021\/03\/11-cit-Bassetti-3083.html','popup','width=1245,height=1246,scrollbars=yes,resizable=no,toolbar=no,directories=no,location=no,menubar=no,status=no,left=0,top=0'); return false\"><img loading=\"lazy\" decoding=\"async\" src=\"\/ita\/segnalazioni\/assets_c\/2021\/03\/11-cit-Bassetti-thumb-130xauto-3083.jpg\" width=\"130\" height=\"130\" alt=\"11-cit-Bassetti.jpg\" \/><\/a>  <a href=\"\/segnalazioni\/assets_c\/2021\/03\/12-cit-Bassetti-3086\" onclick=\"window.open('\/it\/segnalazioni\/assets_c\/2021\/03\/12-cit-Bassetti-3086.html','popup','width=1245,height=1246,scrollbars=yes,resizable=no,toolbar=no,directories=no,location=no,menubar=no,status=no,left=0,top=0'); return false\"><img loading=\"lazy\" decoding=\"async\" src=\"\/ita\/segnalazioni\/assets_c\/2021\/03\/12-cit-Bassetti-thumb-130xauto-3086.jpg\" width=\"130\" height=\"130\" alt=\"12-cit-Bassetti.jpg\" \/><\/a>  <a href=\"\/segnalazioni\/assets_c\/2021\/03\/13-cit-Spampinato-3079\" onclick=\"window.open('\/it\/segnalazioni\/assets_c\/2021\/03\/13-cit-Spampinato-3079.html','popup','width=1239,height=1240,scrollbars=yes,resizable=no,toolbar=no,directories=no,location=no,menubar=no,status=no,left=0,top=0'); return false\"><img loading=\"lazy\" decoding=\"async\" src=\"\/ita\/segnalazioni\/assets_c\/2021\/03\/13-cit-Spampinato-thumb-130xauto-3079.jpg\" width=\"130\" height=\"130\" alt=\"13-cit-Spampinato.jpg\" \/><\/a>  <a href=\"\/segnalazioni\/assets_c\/2021\/03\/14-cit-Spampinato-3081\" onclick=\"window.open('\/it\/segnalazioni\/assets_c\/2021\/03\/14-cit-Spampinato-3081.html','popup','width=1239,height=1240,scrollbars=yes,resizable=no,toolbar=no,directories=no,location=no,menubar=no,status=no,left=0,top=0'); return false\"><img loading=\"lazy\" decoding=\"async\" src=\"\/ita\/segnalazioni\/assets_c\/2021\/03\/14-cit-Spampinato-thumb-130xauto-3081.jpg\" width=\"130\" height=\"130\" alt=\"14-cit-Spampinato.jpg\" \/><\/a>  <a href=\"\/segnalazioni\/assets_c\/2021\/03\/15-cit-Spampinato-3080\" onclick=\"window.open('\/it\/segnalazioni\/assets_c\/2021\/03\/15-cit-Spampinato-3080.html','popup','width=1239,height=1240,scrollbars=yes,resizable=no,toolbar=no,directories=no,location=no,menubar=no,status=no,left=0,top=0'); return false\"><img loading=\"lazy\" decoding=\"async\" src=\"\/ita\/segnalazioni\/assets_c\/2021\/03\/15-cit-Spampinato-thumb-130xauto-3080.jpg\" width=\"130\" height=\"130\" alt=\"15-cit-Spampinato.jpg\" class=\"mt-image-none\" style=\"\" \/><\/a>  <a href=\"\/segnalazioni\/assets_c\/2021\/03\/18-Alice-3089\" onclick=\"window.open('\/it\/segnalazioni\/assets_c\/2021\/03\/18-Alice-3089.html','popup','width=1234,height=1235,scrollbars=yes,resizable=no,toolbar=no,directories=no,location=no,menubar=no,status=no,left=0,top=0'); return false\"><img loading=\"lazy\" decoding=\"async\" src=\"\/ita\/segnalazioni\/assets_c\/2021\/03\/18-Alice-thumb-130xauto-3089.jpg\" width=\"130\" height=\"130\" alt=\"18-Alice.jpg\" \/><\/a><\/div>\n<div align=\"center\"><a href=\"\/segnalazioni\/assets_c\/2021\/03\/16-Alice-MDW-1-3073\" onclick=\"window.open('\/it\/segnalazioni\/assets_c\/2021\/03\/16-Alice-MDW-1-3073.html','popup','width=502,height=503,scrollbars=yes,resizable=no,toolbar=no,directories=no,location=no,menubar=no,status=no,left=0,top=0'); return false\"><img loading=\"lazy\" decoding=\"async\" src=\"\/ita\/segnalazioni\/img\/16-Alice-MDW-1.gif\" width=\"251\" height=\"251\" alt=\"16-Alice-MDW-1.gif\" \/><\/a>  <a href=\"\/segnalazioni\/assets_c\/2021\/03\/17-Alice-MDW-2-3074\" onclick=\"window.open('\/it\/segnalazioni\/assets_c\/2021\/03\/17-Alice-MDW-2-3074.html','popup','width=502,height=503,scrollbars=yes,resizable=no,toolbar=no,directories=no,location=no,menubar=no,status=no,left=0,top=0'); return false\"><img loading=\"lazy\" decoding=\"async\" src=\"\/ita\/segnalazioni\/img\/17-Alice-MDW-2.gif\" width=\"251\" height=\"251\" alt=\"17-Alice-MDW-2.gif\" \/><\/a><\/div>\n<p>&#8212;&#8212;&#8212;&#8212;&#8212;-<\/p>\n","protected":false},"excerpt":{"rendered":"<div class=\"image\"><a href=\"\/it\/segnalazioni\/2021\/03\/oltre_lo_specchio_di_alice_imm_1.html\"><img loading=\"lazy\" decoding=\"async\" src=\"\/it\/segnalazioni\/img\/Live-Talk-MDW-130.jpg\" width=\"130\" height=\"130\" border=\"0\" alt=\"Oltre lo specchio di Alice: immaginazione e rischio\" title=\"Oltre lo specchio di Alice: immaginazione e rischio\" \/><\/a><\/div>\n<div class=\"info\">\n<div class=\"vedianche\">Leggi anche: <a href=\"\/it\/focus\/2020\/11\/oltre_lo_specchio_di_alice.html\" title=\"FGB Focus\">Oltre lo specchio di Alice di Piero Bassetti<\/a> e <a href=\"\/it\/focus\/2020\/12\/scienza_e_decisione_pubblica_i.html\" title=\"FGB Focus\">Scienza e Decisione Pubblica, il progetto e il primo evento al Festival delle Scienze<\/a><\/div>\n<\/div>\n","protected":false},"author":16,"featured_media":22807,"comment_status":"closed","ping_status":"closed","sticky":false,"template":"","format":"standard","meta":{"_acf_changed":false,"mc4wp_mailchimp_campaign":[],"footnotes":""},"categories":[3761,5295,2793,5289],"tags":[3933,4001,3911,5346,4316,5754,3913,3976,4177,3908],"class_list":["post-29727","post","type-post","status-publish","format-standard","has-post-thumbnail","hentry","category-eventi_en","category-governance_and_statehood_en","category-innovation_poiesis_intensive","category-segnalazioni_en","tag-redazione_fgb_en","tag-innovation_and_politics_en","tag-innovazione_en","tag-innovazione_e_responsabilita_en","tag-innovazione_poiesis_intensive_en","tag-oltre_en","tag-politica_en","tag-potere_en","tag-pubblicazioni_en","tag-rischio_en"],"acf":[],"yoast_head":"<!-- This site is optimized with the Yoast SEO plugin v27.5 - https:\/\/yoast.com\/product\/yoast-seo-wordpress\/ -->\n<title>Oltre lo specchio di Alice: immaginazione e rischio - Milano Digital Week - Fondazione Giannino Bassetti<\/title>\n<meta name=\"robots\" content=\"index, follow, max-snippet:-1, max-image-preview:large, max-video-preview:-1\" \/>\n<link rel=\"canonical\" href=\"https:\/\/www.fondazionebassetti.org\/en\/segnalazioni_en\/2021\/03\/oltre_lo_specchio_di_alice_imm_1\" \/>\n<meta property=\"og:locale\" content=\"en_US\" \/>\n<meta property=\"og:type\" content=\"article\" \/>\n<meta property=\"og:title\" content=\"Oltre lo specchio di Alice: immaginazione e rischio - Milano Digital Week - Fondazione Giannino Bassetti\" \/>\n<meta property=\"og:description\" content=\"Leggi anche: Oltre lo specchio di Alice di Piero Bassetti e Scienza e Decisione Pubblica, il progetto e il primo evento al Festival delle Scienze\" \/>\n<meta property=\"og:url\" content=\"https:\/\/www.fondazionebassetti.org\/en\/segnalazioni_en\/2021\/03\/oltre_lo_specchio_di_alice_imm_1\" \/>\n<meta property=\"og:site_name\" content=\"Fondazione Giannino Bassetti\" \/>\n<meta property=\"article:published_time\" content=\"2021-03-15T08:26:45+00:00\" \/>\n<meta property=\"article:modified_time\" content=\"2024-04-16T08:38:04+00:00\" \/>\n<meta property=\"og:image\" content=\"https:\/\/www.fondazionebassetti.org\/wp-content\/uploads\/2022\/06\/14941_Live-Talk-MDW-130.jpg\" \/>\n\t<meta property=\"og:image:width\" content=\"1024\" \/>\n\t<meta property=\"og:image:height\" content=\"578\" \/>\n\t<meta property=\"og:image:type\" content=\"image\/jpeg\" \/>\n<meta name=\"author\" content=\"Tommaso Correale Santacroce\" \/>\n<meta name=\"twitter:card\" content=\"summary_large_image\" \/>\n<meta name=\"twitter:label1\" content=\"Written by\" \/>\n\t<meta name=\"twitter:data1\" content=\"Tommaso Correale Santacroce\" \/>\n\t<meta name=\"twitter:label2\" content=\"Est. reading time\" \/>\n\t<meta name=\"twitter:data2\" content=\"1 minute\" \/>\n<script type=\"application\/ld+json\" class=\"yoast-schema-graph\">{\"@context\":\"https:\\\/\\\/schema.org\",\"@graph\":[{\"@type\":\"Article\",\"@id\":\"https:\\\/\\\/www.fondazionebassetti.org\\\/en\\\/segnalazioni_en\\\/2021\\\/03\\\/oltre_lo_specchio_di_alice_imm_1#article\",\"isPartOf\":{\"@id\":\"https:\\\/\\\/www.fondazionebassetti.org\\\/en\\\/segnalazioni_en\\\/2021\\\/03\\\/oltre_lo_specchio_di_alice_imm_1\"},\"author\":{\"name\":\"Tommaso Correale Santacroce\",\"@id\":\"https:\\\/\\\/www.fondazionebassetti.org\\\/en#\\\/schema\\\/person\\\/168d0c230d9f804733495a1f3c8a758c\"},\"headline\":\"Oltre lo specchio di Alice: immaginazione e rischio &#8211; Milano Digital Week\",\"datePublished\":\"2021-03-15T08:26:45+00:00\",\"dateModified\":\"2024-04-16T08:38:04+00:00\",\"mainEntityOfPage\":{\"@id\":\"https:\\\/\\\/www.fondazionebassetti.org\\\/en\\\/segnalazioni_en\\\/2021\\\/03\\\/oltre_lo_specchio_di_alice_imm_1\"},\"wordCount\":252,\"publisher\":{\"@id\":\"https:\\\/\\\/www.fondazionebassetti.org\\\/en#organization\"},\"image\":{\"@id\":\"https:\\\/\\\/www.fondazionebassetti.org\\\/en\\\/segnalazioni_en\\\/2021\\\/03\\\/oltre_lo_specchio_di_alice_imm_1#primaryimage\"},\"thumbnailUrl\":\"https:\\\/\\\/www.fondazionebassetti.org\\\/wp-content\\\/uploads\\\/2022\\\/06\\\/14941_Live-Talk-MDW-130.jpg\",\"keywords\":[\"@Redazione FGB\",\"innovation and politics\",\"Innovazione\",\"Innovazione e Responsabilit\u00e0\",\"innovazione poiesis intensive\",\"oltre\",\"Politica\",\"potere\",\"pubblicazioni\",\"Rischio\"],\"articleSection\":[\"Eventi\",\"Governance and statehood\",\"Innovation Poiesis Intensive\",\"News\"],\"inLanguage\":\"en-US\"},{\"@type\":\"WebPage\",\"@id\":\"https:\\\/\\\/www.fondazionebassetti.org\\\/en\\\/segnalazioni_en\\\/2021\\\/03\\\/oltre_lo_specchio_di_alice_imm_1\",\"url\":\"https:\\\/\\\/www.fondazionebassetti.org\\\/en\\\/segnalazioni_en\\\/2021\\\/03\\\/oltre_lo_specchio_di_alice_imm_1\",\"name\":\"Oltre lo specchio di Alice: immaginazione e rischio - Milano Digital Week - Fondazione Giannino Bassetti\",\"isPartOf\":{\"@id\":\"https:\\\/\\\/www.fondazionebassetti.org\\\/en#website\"},\"primaryImageOfPage\":{\"@id\":\"https:\\\/\\\/www.fondazionebassetti.org\\\/en\\\/segnalazioni_en\\\/2021\\\/03\\\/oltre_lo_specchio_di_alice_imm_1#primaryimage\"},\"image\":{\"@id\":\"https:\\\/\\\/www.fondazionebassetti.org\\\/en\\\/segnalazioni_en\\\/2021\\\/03\\\/oltre_lo_specchio_di_alice_imm_1#primaryimage\"},\"thumbnailUrl\":\"https:\\\/\\\/www.fondazionebassetti.org\\\/wp-content\\\/uploads\\\/2022\\\/06\\\/14941_Live-Talk-MDW-130.jpg\",\"datePublished\":\"2021-03-15T08:26:45+00:00\",\"dateModified\":\"2024-04-16T08:38:04+00:00\",\"breadcrumb\":{\"@id\":\"https:\\\/\\\/www.fondazionebassetti.org\\\/en\\\/segnalazioni_en\\\/2021\\\/03\\\/oltre_lo_specchio_di_alice_imm_1#breadcrumb\"},\"inLanguage\":\"en-US\",\"potentialAction\":[{\"@type\":\"ReadAction\",\"target\":[\"https:\\\/\\\/www.fondazionebassetti.org\\\/en\\\/segnalazioni_en\\\/2021\\\/03\\\/oltre_lo_specchio_di_alice_imm_1\"]}]},{\"@type\":\"ImageObject\",\"inLanguage\":\"en-US\",\"@id\":\"https:\\\/\\\/www.fondazionebassetti.org\\\/en\\\/segnalazioni_en\\\/2021\\\/03\\\/oltre_lo_specchio_di_alice_imm_1#primaryimage\",\"url\":\"https:\\\/\\\/www.fondazionebassetti.org\\\/wp-content\\\/uploads\\\/2022\\\/06\\\/14941_Live-Talk-MDW-130.jpg\",\"contentUrl\":\"https:\\\/\\\/www.fondazionebassetti.org\\\/wp-content\\\/uploads\\\/2022\\\/06\\\/14941_Live-Talk-MDW-130.jpg\",\"width\":1024,\"height\":578},{\"@type\":\"BreadcrumbList\",\"@id\":\"https:\\\/\\\/www.fondazionebassetti.org\\\/en\\\/segnalazioni_en\\\/2021\\\/03\\\/oltre_lo_specchio_di_alice_imm_1#breadcrumb\",\"itemListElement\":[{\"@type\":\"ListItem\",\"position\":1,\"name\":\"Home\",\"item\":\"https:\\\/\\\/www.fondazionebassetti.org\\\/en\"},{\"@type\":\"ListItem\",\"position\":2,\"name\":\"Oltre lo specchio di Alice: immaginazione e rischio &#8211; Milano Digital Week\"}]},{\"@type\":\"WebSite\",\"@id\":\"https:\\\/\\\/www.fondazionebassetti.org\\\/en#website\",\"url\":\"https:\\\/\\\/www.fondazionebassetti.org\\\/en\",\"name\":\"Fondazione Giannino Bassetti\",\"description\":\"Fondazione Giannino Bassetti\",\"publisher\":{\"@id\":\"https:\\\/\\\/www.fondazionebassetti.org\\\/en#organization\"},\"alternateName\":\"FGB\",\"potentialAction\":[{\"@type\":\"SearchAction\",\"target\":{\"@type\":\"EntryPoint\",\"urlTemplate\":\"https:\\\/\\\/www.fondazionebassetti.org\\\/en?s={search_term_string}\"},\"query-input\":{\"@type\":\"PropertyValueSpecification\",\"valueRequired\":true,\"valueName\":\"search_term_string\"}}],\"inLanguage\":\"en-US\"},{\"@type\":\"Organization\",\"@id\":\"https:\\\/\\\/www.fondazionebassetti.org\\\/en#organization\",\"name\":\"Fondazione Giannino Bassetti ETS\",\"alternateName\":\"FGB\",\"url\":\"https:\\\/\\\/www.fondazionebassetti.org\\\/en\",\"logo\":{\"@type\":\"ImageObject\",\"inLanguage\":\"en-US\",\"@id\":\"https:\\\/\\\/www.fondazionebassetti.org\\\/en#\\\/schema\\\/logo\\\/image\\\/\",\"url\":\"https:\\\/\\\/www.fondazionebassetti.org\\\/wp-content\\\/uploads\\\/2025\\\/09\\\/logo696x696.jpg\",\"contentUrl\":\"https:\\\/\\\/www.fondazionebassetti.org\\\/wp-content\\\/uploads\\\/2025\\\/09\\\/logo696x696.jpg\",\"width\":696,\"height\":696,\"caption\":\"Fondazione Giannino Bassetti ETS\"},\"image\":{\"@id\":\"https:\\\/\\\/www.fondazionebassetti.org\\\/en#\\\/schema\\\/logo\\\/image\\\/\"}},{\"@type\":\"Person\",\"@id\":\"https:\\\/\\\/www.fondazionebassetti.org\\\/en#\\\/schema\\\/person\\\/168d0c230d9f804733495a1f3c8a758c\",\"name\":\"Tommaso Correale Santacroce\",\"url\":\"https:\\\/\\\/www.fondazionebassetti.org\\\/en\\\/author\\\/tommaso_correale_santacroce\"}]}<\/script>\n<!-- \/ Yoast SEO plugin. -->","yoast_head_json":{"title":"Oltre lo specchio di Alice: immaginazione e rischio - Milano Digital Week - Fondazione Giannino Bassetti","robots":{"index":"index","follow":"follow","max-snippet":"max-snippet:-1","max-image-preview":"max-image-preview:large","max-video-preview":"max-video-preview:-1"},"canonical":"https:\/\/www.fondazionebassetti.org\/en\/segnalazioni_en\/2021\/03\/oltre_lo_specchio_di_alice_imm_1","og_locale":"en_US","og_type":"article","og_title":"Oltre lo specchio di Alice: immaginazione e rischio - Milano Digital Week - Fondazione Giannino Bassetti","og_description":"Leggi anche: Oltre lo specchio di Alice di Piero Bassetti e Scienza e Decisione Pubblica, il progetto e il primo evento al Festival delle Scienze","og_url":"https:\/\/www.fondazionebassetti.org\/en\/segnalazioni_en\/2021\/03\/oltre_lo_specchio_di_alice_imm_1","og_site_name":"Fondazione Giannino Bassetti","article_published_time":"2021-03-15T08:26:45+00:00","article_modified_time":"2024-04-16T08:38:04+00:00","og_image":[{"width":1024,"height":578,"url":"https:\/\/www.fondazionebassetti.org\/wp-content\/uploads\/2022\/06\/14941_Live-Talk-MDW-130.jpg","type":"image\/jpeg"}],"author":"Tommaso Correale Santacroce","twitter_card":"summary_large_image","twitter_misc":{"Written by":"Tommaso Correale Santacroce","Est. reading time":"1 minute"},"schema":{"@context":"https:\/\/schema.org","@graph":[{"@type":"Article","@id":"https:\/\/www.fondazionebassetti.org\/en\/segnalazioni_en\/2021\/03\/oltre_lo_specchio_di_alice_imm_1#article","isPartOf":{"@id":"https:\/\/www.fondazionebassetti.org\/en\/segnalazioni_en\/2021\/03\/oltre_lo_specchio_di_alice_imm_1"},"author":{"name":"Tommaso Correale Santacroce","@id":"https:\/\/www.fondazionebassetti.org\/en#\/schema\/person\/168d0c230d9f804733495a1f3c8a758c"},"headline":"Oltre lo specchio di Alice: immaginazione e rischio &#8211; Milano Digital Week","datePublished":"2021-03-15T08:26:45+00:00","dateModified":"2024-04-16T08:38:04+00:00","mainEntityOfPage":{"@id":"https:\/\/www.fondazionebassetti.org\/en\/segnalazioni_en\/2021\/03\/oltre_lo_specchio_di_alice_imm_1"},"wordCount":252,"publisher":{"@id":"https:\/\/www.fondazionebassetti.org\/en#organization"},"image":{"@id":"https:\/\/www.fondazionebassetti.org\/en\/segnalazioni_en\/2021\/03\/oltre_lo_specchio_di_alice_imm_1#primaryimage"},"thumbnailUrl":"https:\/\/www.fondazionebassetti.org\/wp-content\/uploads\/2022\/06\/14941_Live-Talk-MDW-130.jpg","keywords":["@Redazione FGB","innovation and politics","Innovazione","Innovazione e Responsabilit\u00e0","innovazione poiesis intensive","oltre","Politica","potere","pubblicazioni","Rischio"],"articleSection":["Eventi","Governance and statehood","Innovation Poiesis Intensive","News"],"inLanguage":"en-US"},{"@type":"WebPage","@id":"https:\/\/www.fondazionebassetti.org\/en\/segnalazioni_en\/2021\/03\/oltre_lo_specchio_di_alice_imm_1","url":"https:\/\/www.fondazionebassetti.org\/en\/segnalazioni_en\/2021\/03\/oltre_lo_specchio_di_alice_imm_1","name":"Oltre lo specchio di Alice: immaginazione e rischio - Milano Digital Week - Fondazione Giannino Bassetti","isPartOf":{"@id":"https:\/\/www.fondazionebassetti.org\/en#website"},"primaryImageOfPage":{"@id":"https:\/\/www.fondazionebassetti.org\/en\/segnalazioni_en\/2021\/03\/oltre_lo_specchio_di_alice_imm_1#primaryimage"},"image":{"@id":"https:\/\/www.fondazionebassetti.org\/en\/segnalazioni_en\/2021\/03\/oltre_lo_specchio_di_alice_imm_1#primaryimage"},"thumbnailUrl":"https:\/\/www.fondazionebassetti.org\/wp-content\/uploads\/2022\/06\/14941_Live-Talk-MDW-130.jpg","datePublished":"2021-03-15T08:26:45+00:00","dateModified":"2024-04-16T08:38:04+00:00","breadcrumb":{"@id":"https:\/\/www.fondazionebassetti.org\/en\/segnalazioni_en\/2021\/03\/oltre_lo_specchio_di_alice_imm_1#breadcrumb"},"inLanguage":"en-US","potentialAction":[{"@type":"ReadAction","target":["https:\/\/www.fondazionebassetti.org\/en\/segnalazioni_en\/2021\/03\/oltre_lo_specchio_di_alice_imm_1"]}]},{"@type":"ImageObject","inLanguage":"en-US","@id":"https:\/\/www.fondazionebassetti.org\/en\/segnalazioni_en\/2021\/03\/oltre_lo_specchio_di_alice_imm_1#primaryimage","url":"https:\/\/www.fondazionebassetti.org\/wp-content\/uploads\/2022\/06\/14941_Live-Talk-MDW-130.jpg","contentUrl":"https:\/\/www.fondazionebassetti.org\/wp-content\/uploads\/2022\/06\/14941_Live-Talk-MDW-130.jpg","width":1024,"height":578},{"@type":"BreadcrumbList","@id":"https:\/\/www.fondazionebassetti.org\/en\/segnalazioni_en\/2021\/03\/oltre_lo_specchio_di_alice_imm_1#breadcrumb","itemListElement":[{"@type":"ListItem","position":1,"name":"Home","item":"https:\/\/www.fondazionebassetti.org\/en"},{"@type":"ListItem","position":2,"name":"Oltre lo specchio di Alice: immaginazione e rischio &#8211; Milano Digital Week"}]},{"@type":"WebSite","@id":"https:\/\/www.fondazionebassetti.org\/en#website","url":"https:\/\/www.fondazionebassetti.org\/en","name":"Fondazione Giannino Bassetti","description":"Fondazione Giannino Bassetti","publisher":{"@id":"https:\/\/www.fondazionebassetti.org\/en#organization"},"alternateName":"FGB","potentialAction":[{"@type":"SearchAction","target":{"@type":"EntryPoint","urlTemplate":"https:\/\/www.fondazionebassetti.org\/en?s={search_term_string}"},"query-input":{"@type":"PropertyValueSpecification","valueRequired":true,"valueName":"search_term_string"}}],"inLanguage":"en-US"},{"@type":"Organization","@id":"https:\/\/www.fondazionebassetti.org\/en#organization","name":"Fondazione Giannino Bassetti ETS","alternateName":"FGB","url":"https:\/\/www.fondazionebassetti.org\/en","logo":{"@type":"ImageObject","inLanguage":"en-US","@id":"https:\/\/www.fondazionebassetti.org\/en#\/schema\/logo\/image\/","url":"https:\/\/www.fondazionebassetti.org\/wp-content\/uploads\/2025\/09\/logo696x696.jpg","contentUrl":"https:\/\/www.fondazionebassetti.org\/wp-content\/uploads\/2025\/09\/logo696x696.jpg","width":696,"height":696,"caption":"Fondazione Giannino Bassetti ETS"},"image":{"@id":"https:\/\/www.fondazionebassetti.org\/en#\/schema\/logo\/image\/"}},{"@type":"Person","@id":"https:\/\/www.fondazionebassetti.org\/en#\/schema\/person\/168d0c230d9f804733495a1f3c8a758c","name":"Tommaso Correale Santacroce","url":"https:\/\/www.fondazionebassetti.org\/en\/author\/tommaso_correale_santacroce"}]}},"_links":{"self":[{"href":"https:\/\/www.fondazionebassetti.org\/en\/wp-json\/wp\/v2\/posts\/29727","targetHints":{"allow":["GET"]}}],"collection":[{"href":"https:\/\/www.fondazionebassetti.org\/en\/wp-json\/wp\/v2\/posts"}],"about":[{"href":"https:\/\/www.fondazionebassetti.org\/en\/wp-json\/wp\/v2\/types\/post"}],"author":[{"embeddable":true,"href":"https:\/\/www.fondazionebassetti.org\/en\/wp-json\/wp\/v2\/users\/16"}],"replies":[{"embeddable":true,"href":"https:\/\/www.fondazionebassetti.org\/en\/wp-json\/wp\/v2\/comments?post=29727"}],"version-history":[{"count":1,"href":"https:\/\/www.fondazionebassetti.org\/en\/wp-json\/wp\/v2\/posts\/29727\/revisions"}],"predecessor-version":[{"id":36139,"href":"https:\/\/www.fondazionebassetti.org\/en\/wp-json\/wp\/v2\/posts\/29727\/revisions\/36139"}],"wp:featuredmedia":[{"embeddable":true,"href":"https:\/\/www.fondazionebassetti.org\/en\/wp-json\/wp\/v2\/media\/22807"}],"wp:attachment":[{"href":"https:\/\/www.fondazionebassetti.org\/en\/wp-json\/wp\/v2\/media?parent=29727"}],"wp:term":[{"taxonomy":"category","embeddable":true,"href":"https:\/\/www.fondazionebassetti.org\/en\/wp-json\/wp\/v2\/categories?post=29727"},{"taxonomy":"post_tag","embeddable":true,"href":"https:\/\/www.fondazionebassetti.org\/en\/wp-json\/wp\/v2\/tags?post=29727"}],"curies":[{"name":"wp","href":"https:\/\/api.w.org\/{rel}","templated":true}]}}