
{"id":19721,"date":"2020-12-15T17:15:41","date_gmt":"2020-12-15T16:15:41","guid":{"rendered":"https:\/\/www.fondazionebassetti.org\/non-categorizzato\/2020\/12\/vaccini_covid_19_quali_scelte_2"},"modified":"2025-12-12T20:13:11","modified_gmt":"2025-12-12T19:13:11","slug":"vaccini_covid_19_quali_scelte_2_2","status":"publish","type":"post","link":"https:\/\/www.fondazionebassetti.org\/en\/video\/2020\/12\/vaccini_covid_19_quali_scelte_2_2","title":{"rendered":"Vaccini COVID-19, quali scelte? &#8211; 4\/4"},"content":{"rendered":"\n<div class=\"embeddedVideoFluid\">\n    <iframe src=\"https:\/\/player.vimeo.com\/video\/495015184\" frameborder=\"0\" class=\"allowfullscreen\"><\/iframe>\n<\/div>\n<p><em>Event<\/em>: <strong>Vaccini COVID-19, quali scelte?<\/strong><br \/>\n<em>Date<\/em>: 2020 12 15<br \/>\n<em>Time<\/em>: 15:50 min.<br \/>\n<em>Place<\/em>: (online &#8211; piattaforma Zoom).<br \/>\n<em>Language<\/em>: Italiano.<br \/>\n<em>Part<\/em>: 4\/4<br \/>\n<em>url Vimeo<\/em>: <a href=\"https:\/\/vimeo.com\/495015184\" title=\"FGB on Vimeo\">https:\/\/vimeo.com\/495015184<\/a><br \/>\n<em>Photos<\/em>: <a href=\"https:\/\/www.flickr.com\/photos\/fondazionebassetti\/albums\/72157718178648241\" title=\"FGB on Flickr\">Album in Flickr<\/a>.<br \/>\n<em>Podcast<\/em>: la <a href=\"https:\/\/anchor.fm\/fondazione-giannino-bassetti\/episodes\/Vaccini-COVID-19--quali-scelte----Parte-4-di-4-eo9mv7\" title=\"Anchor FM - I Dialoghi di Fondazione Bassetti\">singola parte<\/a> 4 di 4, la <a href=\"https:\/\/anchor.fm\/fondazione-giannino-bassetti\/episodes\/Vaccini-COVID-19--quali-scelte----versione-integrale-eo9nqa\" title=\"Anchor FM - I Dialoghi di Fondazione Bassetti\"> versione integrale<\/a> e la <a href=\"https:\/\/open.spotify.com\/playlist\/4eKcBaR2sW1os0wucIxKwd\" title=\"Spotify\">playlist (in Spotify)<\/a><br \/>\n<em>Posts<\/em>: <a href=\"archi_vivo\/2020\/12\/vaccini_covid-19_quali_scelte\" title=\"FGB Focus\">Vaccini COVID-19, quali scelte?<\/a><\/p>\n<p><em>Contents<\/em>:<br \/>\nDibattito.<\/p>\n<p>Il 15 dicembre 2020, Fondazione Bassetti ha ospitato su piattaforma Zoom un dialogo, promosso da Andrea Lavazza e Pietro Perconti, dedicato al tema dei criteri intorno ai quali, nel mondo, i vaccini saranno distribuiti.<br \/>\nSono stati invitati ad intervenire: Leonardo Becchetti (Universit\u00e0 degli Studi di Roma &#8220;Tor Vergata&#8221;), Marina Cazzaniga (Universit\u00e0 degli Studi di Milano-Bicocca), Mario De Caro (Universit\u00e0 degli studi Roma Tre), Andrea Lavazza (Centro Universitario Internazionale Arezzo), Pietro Perconti (Universit\u00e0 degli Studi di Messina), Giovanni Tuzet (Universit\u00e0 Bocconi).<br \/>\nHa moderato il dibattito Angela Simone (Fondazione Giannino Bassetti).<\/p>\n<p><strong>Part 4\/4<\/strong><\/p>\n<p>&#8212;&#8212;&#8212;&#8212;&#8211;<\/p>\n","protected":false},"excerpt":{"rendered":"<div class=\"image\"><a href=\"\/en\/video\/2020\/12\/vaccini_covid-19_quali_scelte_2.html\"><img loading=\"lazy\" decoding=\"async\" src=\"\/it\/focus\/img\/Vaccini-130.jpg\" width=\"130\" height=\"130\" border=\"0\" alt=\"Vaccini COVID-19, quali scelte?\" title=\"Vaccini COVID-19, quali scelte?\" \/><\/a><\/div>\n<div class=\"info\">\n<div class=\"vedianche\">Leggi anche: <a href=\"\/it\/focus\/2020\/03\/cinque_domande_aperte_sul_dopo.html\" title=\"FGB Focus\">Cinque domande aperte sul dopo-Covid 19<\/a> e il secondo incontro, <a href=\"\/it\/focus\/2021\/02\/ai_tempi_del_vaccino.html\" title=\"FGB Focus\">Ai tempi del vaccino<\/a><\/div>\n<\/div>\n","protected":false},"author":16,"featured_media":25062,"comment_status":"closed","ping_status":"closed","sticky":false,"template":"","format":"standard","meta":{"_acf_changed":false,"mc4wp_mailchimp_campaign":[],"footnotes":""},"categories":[3132,5295,5293,3134,3136,1418],"tags":[4786,4393,4355,4388,4091,4167,3931,3911,3913,4184,3988,4302],"class_list":["post-19721","post","type-post","status-publish","format-standard","has-post-thumbnail","hentry","category-dialoghi_sui_vaccini","category-governance_and_statehood_en","category-technoscience_and_life_sciences_en","category-vaccini_covid_19_quali_scelte","category-vaccini_responsabilita_e_innov","category-video","tag-dibattito_en","tag-covid_19_en","tag-cura_en","tag-dialoghifgb_en","tag-economia_en","tag-etica_en","tag-governance_en","tag-innovazione_en","tag-politica_en","tag-responsabilita_della_scienza_en","tag-sanita_en","tag-vaccini_en"],"acf":[],"yoast_head":"<!-- This site is optimized with the Yoast SEO plugin v27.5 - https:\/\/yoast.com\/product\/yoast-seo-wordpress\/ -->\n<title>Vaccini COVID-19, quali scelte? - 4\/4 - Fondazione Giannino Bassetti<\/title>\n<meta name=\"robots\" content=\"index, follow, max-snippet:-1, max-image-preview:large, max-video-preview:-1\" \/>\n<link rel=\"canonical\" href=\"https:\/\/www.fondazionebassetti.org\/en\/video\/2020\/12\/vaccini_covid_19_quali_scelte_2_2\" \/>\n<meta property=\"og:locale\" content=\"en_US\" \/>\n<meta property=\"og:type\" content=\"article\" \/>\n<meta property=\"og:title\" content=\"Vaccini COVID-19, quali scelte? - 4\/4 - Fondazione Giannino Bassetti\" \/>\n<meta property=\"og:description\" content=\"Leggi anche: Cinque domande aperte sul dopo-Covid 19 e il secondo incontro, Ai tempi del vaccino\" \/>\n<meta property=\"og:url\" content=\"https:\/\/www.fondazionebassetti.org\/en\/video\/2020\/12\/vaccini_covid_19_quali_scelte_2_2\" \/>\n<meta property=\"og:site_name\" content=\"Fondazione Giannino Bassetti\" \/>\n<meta property=\"article:published_time\" content=\"2020-12-15T16:15:41+00:00\" \/>\n<meta property=\"article:modified_time\" content=\"2025-12-12T19:13:11+00:00\" \/>\n<meta property=\"og:image\" content=\"https:\/\/www.fondazionebassetti.org\/wp-content\/uploads\/2022\/06\/19721_Vaccini-130.jpg\" \/>\n\t<meta property=\"og:image:width\" content=\"1024\" \/>\n\t<meta property=\"og:image:height\" content=\"578\" \/>\n\t<meta property=\"og:image:type\" content=\"image\/jpeg\" \/>\n<meta name=\"author\" content=\"Tommaso Correale Santacroce\" \/>\n<meta name=\"twitter:card\" content=\"summary_large_image\" \/>\n<meta name=\"twitter:label1\" content=\"Written by\" \/>\n\t<meta name=\"twitter:data1\" content=\"Tommaso Correale Santacroce\" \/>\n\t<meta name=\"twitter:label2\" content=\"Est. reading time\" \/>\n\t<meta name=\"twitter:data2\" content=\"1 minute\" \/>\n<script type=\"application\/ld+json\" class=\"yoast-schema-graph\">{\"@context\":\"https:\\\/\\\/schema.org\",\"@graph\":[{\"@type\":\"Article\",\"@id\":\"https:\\\/\\\/www.fondazionebassetti.org\\\/en\\\/video\\\/2020\\\/12\\\/vaccini_covid_19_quali_scelte_2_2#article\",\"isPartOf\":{\"@id\":\"https:\\\/\\\/www.fondazionebassetti.org\\\/en\\\/video\\\/2020\\\/12\\\/vaccini_covid_19_quali_scelte_2_2\"},\"author\":{\"name\":\"Tommaso Correale Santacroce\",\"@id\":\"https:\\\/\\\/www.fondazionebassetti.org\\\/en#\\\/schema\\\/person\\\/168d0c230d9f804733495a1f3c8a758c\"},\"headline\":\"Vaccini COVID-19, quali scelte? &#8211; 4\\\/4\",\"datePublished\":\"2020-12-15T16:15:41+00:00\",\"dateModified\":\"2025-12-12T19:13:11+00:00\",\"mainEntityOfPage\":{\"@id\":\"https:\\\/\\\/www.fondazionebassetti.org\\\/en\\\/video\\\/2020\\\/12\\\/vaccini_covid_19_quali_scelte_2_2\"},\"wordCount\":139,\"publisher\":{\"@id\":\"https:\\\/\\\/www.fondazionebassetti.org\\\/en#organization\"},\"image\":{\"@id\":\"https:\\\/\\\/www.fondazionebassetti.org\\\/en\\\/video\\\/2020\\\/12\\\/vaccini_covid_19_quali_scelte_2_2#primaryimage\"},\"thumbnailUrl\":\"https:\\\/\\\/www.fondazionebassetti.org\\\/wp-content\\\/uploads\\\/2022\\\/06\\\/19721_Vaccini-130.jpg\",\"keywords\":[\"@dibattito\",\"Covid-19\",\"cura\",\"dialoghiFGB\",\"economia\",\"etica\",\"governance\",\"Innovazione\",\"Politica\",\"responsabilit\u00e0 della scienza\",\"sanit\u00e0\",\"vaccini\"],\"articleSection\":[\"Dialoghi sui vaccini\",\"Governance and statehood\",\"Technoscience and life sciences\",\"Vaccini COVID-19, quali scelte?\",\"Vaccini, responsabilit\u00e0 e innovazione\",\"Video\"],\"inLanguage\":\"en-US\"},{\"@type\":\"WebPage\",\"@id\":\"https:\\\/\\\/www.fondazionebassetti.org\\\/en\\\/video\\\/2020\\\/12\\\/vaccini_covid_19_quali_scelte_2_2\",\"url\":\"https:\\\/\\\/www.fondazionebassetti.org\\\/en\\\/video\\\/2020\\\/12\\\/vaccini_covid_19_quali_scelte_2_2\",\"name\":\"Vaccini COVID-19, quali scelte? - 4\\\/4 - Fondazione Giannino Bassetti\",\"isPartOf\":{\"@id\":\"https:\\\/\\\/www.fondazionebassetti.org\\\/en#website\"},\"primaryImageOfPage\":{\"@id\":\"https:\\\/\\\/www.fondazionebassetti.org\\\/en\\\/video\\\/2020\\\/12\\\/vaccini_covid_19_quali_scelte_2_2#primaryimage\"},\"image\":{\"@id\":\"https:\\\/\\\/www.fondazionebassetti.org\\\/en\\\/video\\\/2020\\\/12\\\/vaccini_covid_19_quali_scelte_2_2#primaryimage\"},\"thumbnailUrl\":\"https:\\\/\\\/www.fondazionebassetti.org\\\/wp-content\\\/uploads\\\/2022\\\/06\\\/19721_Vaccini-130.jpg\",\"datePublished\":\"2020-12-15T16:15:41+00:00\",\"dateModified\":\"2025-12-12T19:13:11+00:00\",\"breadcrumb\":{\"@id\":\"https:\\\/\\\/www.fondazionebassetti.org\\\/en\\\/video\\\/2020\\\/12\\\/vaccini_covid_19_quali_scelte_2_2#breadcrumb\"},\"inLanguage\":\"en-US\",\"potentialAction\":[{\"@type\":\"ReadAction\",\"target\":[\"https:\\\/\\\/www.fondazionebassetti.org\\\/en\\\/video\\\/2020\\\/12\\\/vaccini_covid_19_quali_scelte_2_2\"]}]},{\"@type\":\"ImageObject\",\"inLanguage\":\"en-US\",\"@id\":\"https:\\\/\\\/www.fondazionebassetti.org\\\/en\\\/video\\\/2020\\\/12\\\/vaccini_covid_19_quali_scelte_2_2#primaryimage\",\"url\":\"https:\\\/\\\/www.fondazionebassetti.org\\\/wp-content\\\/uploads\\\/2022\\\/06\\\/19721_Vaccini-130.jpg\",\"contentUrl\":\"https:\\\/\\\/www.fondazionebassetti.org\\\/wp-content\\\/uploads\\\/2022\\\/06\\\/19721_Vaccini-130.jpg\",\"width\":1024,\"height\":578},{\"@type\":\"BreadcrumbList\",\"@id\":\"https:\\\/\\\/www.fondazionebassetti.org\\\/en\\\/video\\\/2020\\\/12\\\/vaccini_covid_19_quali_scelte_2_2#breadcrumb\",\"itemListElement\":[{\"@type\":\"ListItem\",\"position\":1,\"name\":\"Home\",\"item\":\"https:\\\/\\\/www.fondazionebassetti.org\\\/en\"},{\"@type\":\"ListItem\",\"position\":2,\"name\":\"Vaccini COVID-19, quali scelte? &#8211; 4\\\/4\"}]},{\"@type\":\"WebSite\",\"@id\":\"https:\\\/\\\/www.fondazionebassetti.org\\\/en#website\",\"url\":\"https:\\\/\\\/www.fondazionebassetti.org\\\/en\",\"name\":\"Fondazione Giannino Bassetti\",\"description\":\"Fondazione Giannino Bassetti\",\"publisher\":{\"@id\":\"https:\\\/\\\/www.fondazionebassetti.org\\\/en#organization\"},\"alternateName\":\"FGB\",\"potentialAction\":[{\"@type\":\"SearchAction\",\"target\":{\"@type\":\"EntryPoint\",\"urlTemplate\":\"https:\\\/\\\/www.fondazionebassetti.org\\\/en?s={search_term_string}\"},\"query-input\":{\"@type\":\"PropertyValueSpecification\",\"valueRequired\":true,\"valueName\":\"search_term_string\"}}],\"inLanguage\":\"en-US\"},{\"@type\":\"Organization\",\"@id\":\"https:\\\/\\\/www.fondazionebassetti.org\\\/en#organization\",\"name\":\"Fondazione Giannino Bassetti ETS\",\"alternateName\":\"FGB\",\"url\":\"https:\\\/\\\/www.fondazionebassetti.org\\\/en\",\"logo\":{\"@type\":\"ImageObject\",\"inLanguage\":\"en-US\",\"@id\":\"https:\\\/\\\/www.fondazionebassetti.org\\\/en#\\\/schema\\\/logo\\\/image\\\/\",\"url\":\"https:\\\/\\\/www.fondazionebassetti.org\\\/wp-content\\\/uploads\\\/2025\\\/09\\\/logo696x696.jpg\",\"contentUrl\":\"https:\\\/\\\/www.fondazionebassetti.org\\\/wp-content\\\/uploads\\\/2025\\\/09\\\/logo696x696.jpg\",\"width\":696,\"height\":696,\"caption\":\"Fondazione Giannino Bassetti ETS\"},\"image\":{\"@id\":\"https:\\\/\\\/www.fondazionebassetti.org\\\/en#\\\/schema\\\/logo\\\/image\\\/\"}},{\"@type\":\"Person\",\"@id\":\"https:\\\/\\\/www.fondazionebassetti.org\\\/en#\\\/schema\\\/person\\\/168d0c230d9f804733495a1f3c8a758c\",\"name\":\"Tommaso Correale Santacroce\",\"url\":\"https:\\\/\\\/www.fondazionebassetti.org\\\/en\\\/author\\\/tommaso_correale_santacroce\"}]}<\/script>\n<!-- \/ Yoast SEO plugin. -->","yoast_head_json":{"title":"Vaccini COVID-19, quali scelte? - 4\/4 - Fondazione Giannino Bassetti","robots":{"index":"index","follow":"follow","max-snippet":"max-snippet:-1","max-image-preview":"max-image-preview:large","max-video-preview":"max-video-preview:-1"},"canonical":"https:\/\/www.fondazionebassetti.org\/en\/video\/2020\/12\/vaccini_covid_19_quali_scelte_2_2","og_locale":"en_US","og_type":"article","og_title":"Vaccini COVID-19, quali scelte? - 4\/4 - Fondazione Giannino Bassetti","og_description":"Leggi anche: Cinque domande aperte sul dopo-Covid 19 e il secondo incontro, Ai tempi del vaccino","og_url":"https:\/\/www.fondazionebassetti.org\/en\/video\/2020\/12\/vaccini_covid_19_quali_scelte_2_2","og_site_name":"Fondazione Giannino Bassetti","article_published_time":"2020-12-15T16:15:41+00:00","article_modified_time":"2025-12-12T19:13:11+00:00","og_image":[{"width":1024,"height":578,"url":"https:\/\/www.fondazionebassetti.org\/wp-content\/uploads\/2022\/06\/19721_Vaccini-130.jpg","type":"image\/jpeg"}],"author":"Tommaso Correale Santacroce","twitter_card":"summary_large_image","twitter_misc":{"Written by":"Tommaso Correale Santacroce","Est. reading time":"1 minute"},"schema":{"@context":"https:\/\/schema.org","@graph":[{"@type":"Article","@id":"https:\/\/www.fondazionebassetti.org\/en\/video\/2020\/12\/vaccini_covid_19_quali_scelte_2_2#article","isPartOf":{"@id":"https:\/\/www.fondazionebassetti.org\/en\/video\/2020\/12\/vaccini_covid_19_quali_scelte_2_2"},"author":{"name":"Tommaso Correale Santacroce","@id":"https:\/\/www.fondazionebassetti.org\/en#\/schema\/person\/168d0c230d9f804733495a1f3c8a758c"},"headline":"Vaccini COVID-19, quali scelte? &#8211; 4\/4","datePublished":"2020-12-15T16:15:41+00:00","dateModified":"2025-12-12T19:13:11+00:00","mainEntityOfPage":{"@id":"https:\/\/www.fondazionebassetti.org\/en\/video\/2020\/12\/vaccini_covid_19_quali_scelte_2_2"},"wordCount":139,"publisher":{"@id":"https:\/\/www.fondazionebassetti.org\/en#organization"},"image":{"@id":"https:\/\/www.fondazionebassetti.org\/en\/video\/2020\/12\/vaccini_covid_19_quali_scelte_2_2#primaryimage"},"thumbnailUrl":"https:\/\/www.fondazionebassetti.org\/wp-content\/uploads\/2022\/06\/19721_Vaccini-130.jpg","keywords":["@dibattito","Covid-19","cura","dialoghiFGB","economia","etica","governance","Innovazione","Politica","responsabilit\u00e0 della scienza","sanit\u00e0","vaccini"],"articleSection":["Dialoghi sui vaccini","Governance and statehood","Technoscience and life sciences","Vaccini COVID-19, quali scelte?","Vaccini, responsabilit\u00e0 e innovazione","Video"],"inLanguage":"en-US"},{"@type":"WebPage","@id":"https:\/\/www.fondazionebassetti.org\/en\/video\/2020\/12\/vaccini_covid_19_quali_scelte_2_2","url":"https:\/\/www.fondazionebassetti.org\/en\/video\/2020\/12\/vaccini_covid_19_quali_scelte_2_2","name":"Vaccini COVID-19, quali scelte? - 4\/4 - Fondazione Giannino Bassetti","isPartOf":{"@id":"https:\/\/www.fondazionebassetti.org\/en#website"},"primaryImageOfPage":{"@id":"https:\/\/www.fondazionebassetti.org\/en\/video\/2020\/12\/vaccini_covid_19_quali_scelte_2_2#primaryimage"},"image":{"@id":"https:\/\/www.fondazionebassetti.org\/en\/video\/2020\/12\/vaccini_covid_19_quali_scelte_2_2#primaryimage"},"thumbnailUrl":"https:\/\/www.fondazionebassetti.org\/wp-content\/uploads\/2022\/06\/19721_Vaccini-130.jpg","datePublished":"2020-12-15T16:15:41+00:00","dateModified":"2025-12-12T19:13:11+00:00","breadcrumb":{"@id":"https:\/\/www.fondazionebassetti.org\/en\/video\/2020\/12\/vaccini_covid_19_quali_scelte_2_2#breadcrumb"},"inLanguage":"en-US","potentialAction":[{"@type":"ReadAction","target":["https:\/\/www.fondazionebassetti.org\/en\/video\/2020\/12\/vaccini_covid_19_quali_scelte_2_2"]}]},{"@type":"ImageObject","inLanguage":"en-US","@id":"https:\/\/www.fondazionebassetti.org\/en\/video\/2020\/12\/vaccini_covid_19_quali_scelte_2_2#primaryimage","url":"https:\/\/www.fondazionebassetti.org\/wp-content\/uploads\/2022\/06\/19721_Vaccini-130.jpg","contentUrl":"https:\/\/www.fondazionebassetti.org\/wp-content\/uploads\/2022\/06\/19721_Vaccini-130.jpg","width":1024,"height":578},{"@type":"BreadcrumbList","@id":"https:\/\/www.fondazionebassetti.org\/en\/video\/2020\/12\/vaccini_covid_19_quali_scelte_2_2#breadcrumb","itemListElement":[{"@type":"ListItem","position":1,"name":"Home","item":"https:\/\/www.fondazionebassetti.org\/en"},{"@type":"ListItem","position":2,"name":"Vaccini COVID-19, quali scelte? &#8211; 4\/4"}]},{"@type":"WebSite","@id":"https:\/\/www.fondazionebassetti.org\/en#website","url":"https:\/\/www.fondazionebassetti.org\/en","name":"Fondazione Giannino Bassetti","description":"Fondazione Giannino Bassetti","publisher":{"@id":"https:\/\/www.fondazionebassetti.org\/en#organization"},"alternateName":"FGB","potentialAction":[{"@type":"SearchAction","target":{"@type":"EntryPoint","urlTemplate":"https:\/\/www.fondazionebassetti.org\/en?s={search_term_string}"},"query-input":{"@type":"PropertyValueSpecification","valueRequired":true,"valueName":"search_term_string"}}],"inLanguage":"en-US"},{"@type":"Organization","@id":"https:\/\/www.fondazionebassetti.org\/en#organization","name":"Fondazione Giannino Bassetti ETS","alternateName":"FGB","url":"https:\/\/www.fondazionebassetti.org\/en","logo":{"@type":"ImageObject","inLanguage":"en-US","@id":"https:\/\/www.fondazionebassetti.org\/en#\/schema\/logo\/image\/","url":"https:\/\/www.fondazionebassetti.org\/wp-content\/uploads\/2025\/09\/logo696x696.jpg","contentUrl":"https:\/\/www.fondazionebassetti.org\/wp-content\/uploads\/2025\/09\/logo696x696.jpg","width":696,"height":696,"caption":"Fondazione Giannino Bassetti ETS"},"image":{"@id":"https:\/\/www.fondazionebassetti.org\/en#\/schema\/logo\/image\/"}},{"@type":"Person","@id":"https:\/\/www.fondazionebassetti.org\/en#\/schema\/person\/168d0c230d9f804733495a1f3c8a758c","name":"Tommaso Correale Santacroce","url":"https:\/\/www.fondazionebassetti.org\/en\/author\/tommaso_correale_santacroce"}]}},"_links":{"self":[{"href":"https:\/\/www.fondazionebassetti.org\/en\/wp-json\/wp\/v2\/posts\/19721","targetHints":{"allow":["GET"]}}],"collection":[{"href":"https:\/\/www.fondazionebassetti.org\/en\/wp-json\/wp\/v2\/posts"}],"about":[{"href":"https:\/\/www.fondazionebassetti.org\/en\/wp-json\/wp\/v2\/types\/post"}],"author":[{"embeddable":true,"href":"https:\/\/www.fondazionebassetti.org\/en\/wp-json\/wp\/v2\/users\/16"}],"replies":[{"embeddable":true,"href":"https:\/\/www.fondazionebassetti.org\/en\/wp-json\/wp\/v2\/comments?post=19721"}],"version-history":[{"count":4,"href":"https:\/\/www.fondazionebassetti.org\/en\/wp-json\/wp\/v2\/posts\/19721\/revisions"}],"predecessor-version":[{"id":64337,"href":"https:\/\/www.fondazionebassetti.org\/en\/wp-json\/wp\/v2\/posts\/19721\/revisions\/64337"}],"wp:featuredmedia":[{"embeddable":true,"href":"https:\/\/www.fondazionebassetti.org\/en\/wp-json\/wp\/v2\/media\/25062"}],"wp:attachment":[{"href":"https:\/\/www.fondazionebassetti.org\/en\/wp-json\/wp\/v2\/media?parent=19721"}],"wp:term":[{"taxonomy":"category","embeddable":true,"href":"https:\/\/www.fondazionebassetti.org\/en\/wp-json\/wp\/v2\/categories?post=19721"},{"taxonomy":"post_tag","embeddable":true,"href":"https:\/\/www.fondazionebassetti.org\/en\/wp-json\/wp\/v2\/tags?post=19721"}],"curies":[{"name":"wp","href":"https:\/\/api.w.org\/{rel}","templated":true}]}}