
{"id":19649,"date":"2017-03-14T19:49:21","date_gmt":"2017-03-14T18:49:21","guid":{"rendered":"https:\/\/www.fondazionebassetti.org\/non_categorizzato\/2017\/03\/glocalismo_tra_presente_e_futu_2"},"modified":"2023-03-22T12:16:43","modified_gmt":"2023-03-22T11:16:43","slug":"glocalismo_tra_presente_e_futu_2","status":"publish","type":"post","link":"https:\/\/www.fondazionebassetti.org\/en\/video\/2017\/03\/glocalismo_tra_presente_e_futu_2","title":{"rendered":"Glocalismo tra presente e futuro"},"content":{"rendered":"\n<div class=\"embeddedVideoFluid\">\n    <iframe src=\"https:\/\/player.vimeo.com\/video\/311695573\" frameborder=\"0\" class=\"allowfullscreen\"><\/iframe>\n<\/div>\n<p><em>Event<\/em>: <strong>Lectio Magistralis di Piero Bassetti, Dies academicus, Universit\u00e0 Cattolica del Sacro Cuore, Brescia.<\/strong><br \/>\n<em>title<\/em>: Glocalismo tra presente e futuro<br \/>\n<em>Date<\/em>: 2017 03 14<br \/>\n<em>Time<\/em>: 32 min.<br \/>\n<em>Place<\/em>: Universit\u00e0 Cattolica del Sacro Cuore, Brescia.<br \/>\n<em>Language<\/em>: Italiano.<br \/>\n<em>url Vimeo<\/em>: <a href=\"https:\/\/vimeo.com\/311695573\" title=\"FGB on Vimeo\">https:\/\/vimeo.com\/311695573<\/a><br \/>\n<em>Photos<\/em>: <a href=\"https:\/\/www.flickr.com\/photos\/fondazionebassetti\/albums\/72157678061869943\" title=\"FGB on Flickr\">Album in Flickr<\/a>.<br \/>\n<em>Post<\/em>: <a href=\"archi_vivo\/2019\/01\/glocalismo_tra_presente_e_futu\" title=\"FGB Focus\">Glocalismo tra presente e futuro.<\/a>.<\/p>\n<p><em>Contents<\/em>:<br \/>\nLectio Magistralis di <strong>Piero Bassetti<\/strong>, Presidente di Globus et Locus<\/p>\n<p>&#8212;&#8212;&#8212;&#8212;&#8211;<\/p>\n","protected":false},"excerpt":{"rendered":"<div class=\"image\"><a href=\"\/en\/video\/2019\/01\/glocalismo_tra_presente_e_futu.html\"><img loading=\"lazy\" decoding=\"async\" src=\"\/it\/focus\/img\/lecture-Brescia-130.jpg\" width=\"130\" height=\"130\" border=\"0\" alt=\"Guardare oltre. La presentazione del libro.\" title=\"Guardare oltre. La presentazione del libro.\" \/><\/a><\/div>\n<div class=\"info\">\n<div class=\"linklingua\"><!-- --><\/div>\n<\/div>\n","protected":false},"author":16,"featured_media":24920,"comment_status":"closed","ping_status":"closed","sticky":false,"template":"","format":"standard","meta":{"_acf_changed":false,"mc4wp_mailchimp_campaign":[],"footnotes":""},"categories":[5295,3115,5293,1418],"tags":[3935,3907,4084,3911,3913,3941,4184,5300],"class_list":["post-19649","post","type-post","status-publish","format-standard","has-post-thumbnail","hentry","category-governance_and_statehood_en","category-lectio_magistralis_di_piero_ba","category-technoscience_and_life_sciences_en","category-video","tag-piero_bassetti_en","tag-globalizzazione_en","tag-glocal_en","tag-innovazione_en","tag-politica_en","tag-responsabilita_en","tag-responsabilita_della_scienza_en","tag-responsabilita_nellinnovazione_en_2"],"acf":[],"yoast_head":"<!-- This site is optimized with the Yoast SEO plugin v27.5 - https:\/\/yoast.com\/product\/yoast-seo-wordpress\/ -->\n<title>Glocalismo tra presente e futuro - Fondazione Giannino Bassetti<\/title>\n<meta name=\"robots\" content=\"index, follow, max-snippet:-1, max-image-preview:large, max-video-preview:-1\" \/>\n<link rel=\"canonical\" href=\"https:\/\/www.fondazionebassetti.org\/en\/video\/2017\/03\/glocalismo_tra_presente_e_futu_2\" \/>\n<meta property=\"og:locale\" content=\"en_US\" \/>\n<meta property=\"og:type\" content=\"article\" \/>\n<meta property=\"og:title\" content=\"Glocalismo tra presente e futuro - Fondazione Giannino Bassetti\" \/>\n<meta property=\"og:url\" content=\"https:\/\/www.fondazionebassetti.org\/en\/video\/2017\/03\/glocalismo_tra_presente_e_futu_2\" \/>\n<meta property=\"og:site_name\" content=\"Fondazione Giannino Bassetti\" \/>\n<meta property=\"article:published_time\" content=\"2017-03-14T18:49:21+00:00\" \/>\n<meta property=\"article:modified_time\" content=\"2023-03-22T11:16:43+00:00\" \/>\n<meta property=\"og:image\" content=\"https:\/\/www.fondazionebassetti.org\/wp-content\/uploads\/2022\/06\/19649_lecture-Brescia-130.jpg\" \/>\n\t<meta property=\"og:image:width\" content=\"1024\" \/>\n\t<meta property=\"og:image:height\" content=\"578\" \/>\n\t<meta property=\"og:image:type\" content=\"image\/jpeg\" \/>\n<meta name=\"author\" content=\"Tommaso Correale Santacroce\" \/>\n<meta name=\"twitter:card\" content=\"summary_large_image\" \/>\n<meta name=\"twitter:label1\" content=\"Written by\" \/>\n\t<meta name=\"twitter:data1\" content=\"Tommaso Correale Santacroce\" \/>\n<script type=\"application\/ld+json\" class=\"yoast-schema-graph\">{\"@context\":\"https:\\\/\\\/schema.org\",\"@graph\":[{\"@type\":\"Article\",\"@id\":\"https:\\\/\\\/www.fondazionebassetti.org\\\/en\\\/video\\\/2017\\\/03\\\/glocalismo_tra_presente_e_futu_2#article\",\"isPartOf\":{\"@id\":\"https:\\\/\\\/www.fondazionebassetti.org\\\/en\\\/video\\\/2017\\\/03\\\/glocalismo_tra_presente_e_futu_2\"},\"author\":{\"name\":\"Tommaso Correale Santacroce\",\"@id\":\"https:\\\/\\\/www.fondazionebassetti.org\\\/en#\\\/schema\\\/person\\\/168d0c230d9f804733495a1f3c8a758c\"},\"headline\":\"Glocalismo tra presente e futuro\",\"datePublished\":\"2017-03-14T18:49:21+00:00\",\"dateModified\":\"2023-03-22T11:16:43+00:00\",\"mainEntityOfPage\":{\"@id\":\"https:\\\/\\\/www.fondazionebassetti.org\\\/en\\\/video\\\/2017\\\/03\\\/glocalismo_tra_presente_e_futu_2\"},\"wordCount\":64,\"publisher\":{\"@id\":\"https:\\\/\\\/www.fondazionebassetti.org\\\/en#organization\"},\"image\":{\"@id\":\"https:\\\/\\\/www.fondazionebassetti.org\\\/en\\\/video\\\/2017\\\/03\\\/glocalismo_tra_presente_e_futu_2#primaryimage\"},\"thumbnailUrl\":\"https:\\\/\\\/www.fondazionebassetti.org\\\/wp-content\\\/uploads\\\/2022\\\/06\\\/19649_lecture-Brescia-130.jpg\",\"keywords\":[\"@Piero Bassetti\",\"Globalizzazione\",\"glocal\",\"Innovazione\",\"Politica\",\"responsabilit\u00e0\",\"responsabilit\u00e0 della scienza\",\"responsabilit\u00e0 nell'innovazione\"],\"articleSection\":[\"Governance and statehood\",\"Lectio Magistralis di Piero Bassetti al Dies Academicus dell'Universit\u00e0 Cattolica di Brescia\",\"Technoscience and life sciences\",\"Video\"],\"inLanguage\":\"en-US\"},{\"@type\":\"WebPage\",\"@id\":\"https:\\\/\\\/www.fondazionebassetti.org\\\/en\\\/video\\\/2017\\\/03\\\/glocalismo_tra_presente_e_futu_2\",\"url\":\"https:\\\/\\\/www.fondazionebassetti.org\\\/en\\\/video\\\/2017\\\/03\\\/glocalismo_tra_presente_e_futu_2\",\"name\":\"Glocalismo tra presente e futuro - Fondazione Giannino Bassetti\",\"isPartOf\":{\"@id\":\"https:\\\/\\\/www.fondazionebassetti.org\\\/en#website\"},\"primaryImageOfPage\":{\"@id\":\"https:\\\/\\\/www.fondazionebassetti.org\\\/en\\\/video\\\/2017\\\/03\\\/glocalismo_tra_presente_e_futu_2#primaryimage\"},\"image\":{\"@id\":\"https:\\\/\\\/www.fondazionebassetti.org\\\/en\\\/video\\\/2017\\\/03\\\/glocalismo_tra_presente_e_futu_2#primaryimage\"},\"thumbnailUrl\":\"https:\\\/\\\/www.fondazionebassetti.org\\\/wp-content\\\/uploads\\\/2022\\\/06\\\/19649_lecture-Brescia-130.jpg\",\"datePublished\":\"2017-03-14T18:49:21+00:00\",\"dateModified\":\"2023-03-22T11:16:43+00:00\",\"breadcrumb\":{\"@id\":\"https:\\\/\\\/www.fondazionebassetti.org\\\/en\\\/video\\\/2017\\\/03\\\/glocalismo_tra_presente_e_futu_2#breadcrumb\"},\"inLanguage\":\"en-US\",\"potentialAction\":[{\"@type\":\"ReadAction\",\"target\":[\"https:\\\/\\\/www.fondazionebassetti.org\\\/en\\\/video\\\/2017\\\/03\\\/glocalismo_tra_presente_e_futu_2\"]}]},{\"@type\":\"ImageObject\",\"inLanguage\":\"en-US\",\"@id\":\"https:\\\/\\\/www.fondazionebassetti.org\\\/en\\\/video\\\/2017\\\/03\\\/glocalismo_tra_presente_e_futu_2#primaryimage\",\"url\":\"https:\\\/\\\/www.fondazionebassetti.org\\\/wp-content\\\/uploads\\\/2022\\\/06\\\/19649_lecture-Brescia-130.jpg\",\"contentUrl\":\"https:\\\/\\\/www.fondazionebassetti.org\\\/wp-content\\\/uploads\\\/2022\\\/06\\\/19649_lecture-Brescia-130.jpg\",\"width\":1024,\"height\":578},{\"@type\":\"BreadcrumbList\",\"@id\":\"https:\\\/\\\/www.fondazionebassetti.org\\\/en\\\/video\\\/2017\\\/03\\\/glocalismo_tra_presente_e_futu_2#breadcrumb\",\"itemListElement\":[{\"@type\":\"ListItem\",\"position\":1,\"name\":\"Home\",\"item\":\"https:\\\/\\\/www.fondazionebassetti.org\\\/en\"},{\"@type\":\"ListItem\",\"position\":2,\"name\":\"Glocalismo tra presente e futuro\"}]},{\"@type\":\"WebSite\",\"@id\":\"https:\\\/\\\/www.fondazionebassetti.org\\\/en#website\",\"url\":\"https:\\\/\\\/www.fondazionebassetti.org\\\/en\",\"name\":\"Fondazione Giannino Bassetti\",\"description\":\"Fondazione Giannino Bassetti\",\"publisher\":{\"@id\":\"https:\\\/\\\/www.fondazionebassetti.org\\\/en#organization\"},\"alternateName\":\"FGB\",\"potentialAction\":[{\"@type\":\"SearchAction\",\"target\":{\"@type\":\"EntryPoint\",\"urlTemplate\":\"https:\\\/\\\/www.fondazionebassetti.org\\\/en?s={search_term_string}\"},\"query-input\":{\"@type\":\"PropertyValueSpecification\",\"valueRequired\":true,\"valueName\":\"search_term_string\"}}],\"inLanguage\":\"en-US\"},{\"@type\":\"Organization\",\"@id\":\"https:\\\/\\\/www.fondazionebassetti.org\\\/en#organization\",\"name\":\"Fondazione Giannino Bassetti ETS\",\"alternateName\":\"FGB\",\"url\":\"https:\\\/\\\/www.fondazionebassetti.org\\\/en\",\"logo\":{\"@type\":\"ImageObject\",\"inLanguage\":\"en-US\",\"@id\":\"https:\\\/\\\/www.fondazionebassetti.org\\\/en#\\\/schema\\\/logo\\\/image\\\/\",\"url\":\"https:\\\/\\\/www.fondazionebassetti.org\\\/wp-content\\\/uploads\\\/2025\\\/09\\\/logo696x696.jpg\",\"contentUrl\":\"https:\\\/\\\/www.fondazionebassetti.org\\\/wp-content\\\/uploads\\\/2025\\\/09\\\/logo696x696.jpg\",\"width\":696,\"height\":696,\"caption\":\"Fondazione Giannino Bassetti ETS\"},\"image\":{\"@id\":\"https:\\\/\\\/www.fondazionebassetti.org\\\/en#\\\/schema\\\/logo\\\/image\\\/\"}},{\"@type\":\"Person\",\"@id\":\"https:\\\/\\\/www.fondazionebassetti.org\\\/en#\\\/schema\\\/person\\\/168d0c230d9f804733495a1f3c8a758c\",\"name\":\"Tommaso Correale Santacroce\",\"url\":\"https:\\\/\\\/www.fondazionebassetti.org\\\/en\\\/author\\\/tommaso_correale_santacroce\"}]}<\/script>\n<!-- \/ Yoast SEO plugin. -->","yoast_head_json":{"title":"Glocalismo tra presente e futuro - Fondazione Giannino Bassetti","robots":{"index":"index","follow":"follow","max-snippet":"max-snippet:-1","max-image-preview":"max-image-preview:large","max-video-preview":"max-video-preview:-1"},"canonical":"https:\/\/www.fondazionebassetti.org\/en\/video\/2017\/03\/glocalismo_tra_presente_e_futu_2","og_locale":"en_US","og_type":"article","og_title":"Glocalismo tra presente e futuro - Fondazione Giannino Bassetti","og_url":"https:\/\/www.fondazionebassetti.org\/en\/video\/2017\/03\/glocalismo_tra_presente_e_futu_2","og_site_name":"Fondazione Giannino Bassetti","article_published_time":"2017-03-14T18:49:21+00:00","article_modified_time":"2023-03-22T11:16:43+00:00","og_image":[{"width":1024,"height":578,"url":"https:\/\/www.fondazionebassetti.org\/wp-content\/uploads\/2022\/06\/19649_lecture-Brescia-130.jpg","type":"image\/jpeg"}],"author":"Tommaso Correale Santacroce","twitter_card":"summary_large_image","twitter_misc":{"Written by":"Tommaso Correale Santacroce"},"schema":{"@context":"https:\/\/schema.org","@graph":[{"@type":"Article","@id":"https:\/\/www.fondazionebassetti.org\/en\/video\/2017\/03\/glocalismo_tra_presente_e_futu_2#article","isPartOf":{"@id":"https:\/\/www.fondazionebassetti.org\/en\/video\/2017\/03\/glocalismo_tra_presente_e_futu_2"},"author":{"name":"Tommaso Correale Santacroce","@id":"https:\/\/www.fondazionebassetti.org\/en#\/schema\/person\/168d0c230d9f804733495a1f3c8a758c"},"headline":"Glocalismo tra presente e futuro","datePublished":"2017-03-14T18:49:21+00:00","dateModified":"2023-03-22T11:16:43+00:00","mainEntityOfPage":{"@id":"https:\/\/www.fondazionebassetti.org\/en\/video\/2017\/03\/glocalismo_tra_presente_e_futu_2"},"wordCount":64,"publisher":{"@id":"https:\/\/www.fondazionebassetti.org\/en#organization"},"image":{"@id":"https:\/\/www.fondazionebassetti.org\/en\/video\/2017\/03\/glocalismo_tra_presente_e_futu_2#primaryimage"},"thumbnailUrl":"https:\/\/www.fondazionebassetti.org\/wp-content\/uploads\/2022\/06\/19649_lecture-Brescia-130.jpg","keywords":["@Piero Bassetti","Globalizzazione","glocal","Innovazione","Politica","responsabilit\u00e0","responsabilit\u00e0 della scienza","responsabilit\u00e0 nell'innovazione"],"articleSection":["Governance and statehood","Lectio Magistralis di Piero Bassetti al Dies Academicus dell'Universit\u00e0 Cattolica di Brescia","Technoscience and life sciences","Video"],"inLanguage":"en-US"},{"@type":"WebPage","@id":"https:\/\/www.fondazionebassetti.org\/en\/video\/2017\/03\/glocalismo_tra_presente_e_futu_2","url":"https:\/\/www.fondazionebassetti.org\/en\/video\/2017\/03\/glocalismo_tra_presente_e_futu_2","name":"Glocalismo tra presente e futuro - Fondazione Giannino Bassetti","isPartOf":{"@id":"https:\/\/www.fondazionebassetti.org\/en#website"},"primaryImageOfPage":{"@id":"https:\/\/www.fondazionebassetti.org\/en\/video\/2017\/03\/glocalismo_tra_presente_e_futu_2#primaryimage"},"image":{"@id":"https:\/\/www.fondazionebassetti.org\/en\/video\/2017\/03\/glocalismo_tra_presente_e_futu_2#primaryimage"},"thumbnailUrl":"https:\/\/www.fondazionebassetti.org\/wp-content\/uploads\/2022\/06\/19649_lecture-Brescia-130.jpg","datePublished":"2017-03-14T18:49:21+00:00","dateModified":"2023-03-22T11:16:43+00:00","breadcrumb":{"@id":"https:\/\/www.fondazionebassetti.org\/en\/video\/2017\/03\/glocalismo_tra_presente_e_futu_2#breadcrumb"},"inLanguage":"en-US","potentialAction":[{"@type":"ReadAction","target":["https:\/\/www.fondazionebassetti.org\/en\/video\/2017\/03\/glocalismo_tra_presente_e_futu_2"]}]},{"@type":"ImageObject","inLanguage":"en-US","@id":"https:\/\/www.fondazionebassetti.org\/en\/video\/2017\/03\/glocalismo_tra_presente_e_futu_2#primaryimage","url":"https:\/\/www.fondazionebassetti.org\/wp-content\/uploads\/2022\/06\/19649_lecture-Brescia-130.jpg","contentUrl":"https:\/\/www.fondazionebassetti.org\/wp-content\/uploads\/2022\/06\/19649_lecture-Brescia-130.jpg","width":1024,"height":578},{"@type":"BreadcrumbList","@id":"https:\/\/www.fondazionebassetti.org\/en\/video\/2017\/03\/glocalismo_tra_presente_e_futu_2#breadcrumb","itemListElement":[{"@type":"ListItem","position":1,"name":"Home","item":"https:\/\/www.fondazionebassetti.org\/en"},{"@type":"ListItem","position":2,"name":"Glocalismo tra presente e futuro"}]},{"@type":"WebSite","@id":"https:\/\/www.fondazionebassetti.org\/en#website","url":"https:\/\/www.fondazionebassetti.org\/en","name":"Fondazione Giannino Bassetti","description":"Fondazione Giannino Bassetti","publisher":{"@id":"https:\/\/www.fondazionebassetti.org\/en#organization"},"alternateName":"FGB","potentialAction":[{"@type":"SearchAction","target":{"@type":"EntryPoint","urlTemplate":"https:\/\/www.fondazionebassetti.org\/en?s={search_term_string}"},"query-input":{"@type":"PropertyValueSpecification","valueRequired":true,"valueName":"search_term_string"}}],"inLanguage":"en-US"},{"@type":"Organization","@id":"https:\/\/www.fondazionebassetti.org\/en#organization","name":"Fondazione Giannino Bassetti ETS","alternateName":"FGB","url":"https:\/\/www.fondazionebassetti.org\/en","logo":{"@type":"ImageObject","inLanguage":"en-US","@id":"https:\/\/www.fondazionebassetti.org\/en#\/schema\/logo\/image\/","url":"https:\/\/www.fondazionebassetti.org\/wp-content\/uploads\/2025\/09\/logo696x696.jpg","contentUrl":"https:\/\/www.fondazionebassetti.org\/wp-content\/uploads\/2025\/09\/logo696x696.jpg","width":696,"height":696,"caption":"Fondazione Giannino Bassetti ETS"},"image":{"@id":"https:\/\/www.fondazionebassetti.org\/en#\/schema\/logo\/image\/"}},{"@type":"Person","@id":"https:\/\/www.fondazionebassetti.org\/en#\/schema\/person\/168d0c230d9f804733495a1f3c8a758c","name":"Tommaso Correale Santacroce","url":"https:\/\/www.fondazionebassetti.org\/en\/author\/tommaso_correale_santacroce"}]}},"_links":{"self":[{"href":"https:\/\/www.fondazionebassetti.org\/en\/wp-json\/wp\/v2\/posts\/19649","targetHints":{"allow":["GET"]}}],"collection":[{"href":"https:\/\/www.fondazionebassetti.org\/en\/wp-json\/wp\/v2\/posts"}],"about":[{"href":"https:\/\/www.fondazionebassetti.org\/en\/wp-json\/wp\/v2\/types\/post"}],"author":[{"embeddable":true,"href":"https:\/\/www.fondazionebassetti.org\/en\/wp-json\/wp\/v2\/users\/16"}],"replies":[{"embeddable":true,"href":"https:\/\/www.fondazionebassetti.org\/en\/wp-json\/wp\/v2\/comments?post=19649"}],"version-history":[{"count":2,"href":"https:\/\/www.fondazionebassetti.org\/en\/wp-json\/wp\/v2\/posts\/19649\/revisions"}],"predecessor-version":[{"id":29386,"href":"https:\/\/www.fondazionebassetti.org\/en\/wp-json\/wp\/v2\/posts\/19649\/revisions\/29386"}],"wp:featuredmedia":[{"embeddable":true,"href":"https:\/\/www.fondazionebassetti.org\/en\/wp-json\/wp\/v2\/media\/24920"}],"wp:attachment":[{"href":"https:\/\/www.fondazionebassetti.org\/en\/wp-json\/wp\/v2\/media?parent=19649"}],"wp:term":[{"taxonomy":"category","embeddable":true,"href":"https:\/\/www.fondazionebassetti.org\/en\/wp-json\/wp\/v2\/categories?post=19649"},{"taxonomy":"post_tag","embeddable":true,"href":"https:\/\/www.fondazionebassetti.org\/en\/wp-json\/wp\/v2\/tags?post=19649"}],"curies":[{"name":"wp","href":"https:\/\/api.w.org\/{rel}","templated":true}]}}