
{"id":19526,"date":"2017-07-14T16:24:28","date_gmt":"2017-07-14T14:24:28","guid":{"rendered":"https:\/\/www.fondazionebassetti.org\/non-categorizzato\/2017\/07\/intervista_a_ilvo_diamanti"},"modified":"2023-03-22T12:15:52","modified_gmt":"2023-03-22T11:15:52","slug":"intervista_a_ilvo_diamanti","status":"publish","type":"post","link":"https:\/\/www.fondazionebassetti.org\/en\/video\/2017\/07\/intervista_a_ilvo_diamanti","title":{"rendered":"Intervista a Ilvo Diamanti"},"content":{"rendered":"<div class=\"embeddedVideoFluid\">\n    <iframe src=\"https:\/\/player.vimeo.com\/video\/224933233\" frameborder=\"0\" class=\"allowfullscreen\"><\/iframe>\n<\/div>\n<p><em>Event<\/em>: <strong>Interviste di Gabriele Giacomini sul rapporto tra democrazia e digitalizzazione della comunicazione.<\/strong><br \/>\n<em>Title<\/em>: <strong>Viviamo in una democrazia ibrida.<\/strong><br \/>\n<em>Date<\/em>: 2017 03 31<br \/>\n<em>Time<\/em>: 7:32 min.<br \/>\n<em>Place<\/em>: Teatro Olimpico, Vicenza.<br \/>\n<em>Language<\/em>: Italiano.<br \/>\n<em>Part<\/em>: 1\/4<br \/>\n<em>url Vimeo<\/em>: <a href=\"http:\/\/vimeo.com\/224933233\" title=\"FGB on Vimeo\">http:\/\/vimeo.com\/224933233<\/a><br \/>\n<em>Post<\/em>: <a href=\"archi_vivo\/2017\/07\/viviamo_in_una_democrazia_ibri\" title=\"FGB Focus\">Viviamo in una democrazia ibrida. Intervista a Ilvo Diamanti.<\/a>.<br \/>\n<em>Clip in YouTube<\/em>: <a href=\"https:\/\/youtu.be\/lPSAkJGOFBo\" title=\"FGB on YouTube\">https:\/\/youtu.be\/lPSAkJGOFBo<\/a><br \/>\n<em>Instagram<\/em>: <a href=\"https:\/\/www.instagram.com\/p\/BWh-j3mgyn-\/\" title=\"FGB on Instagram\">https:\/\/www.instagram.com\/p\/BWh-j3mgyn-\/<\/a><\/p>\n<p><em>Contents<\/em>:<br \/>\n<strong>Ilvo Diamanti<\/strong> &#8211; Professore ordinario di Scienza Politica presso l&#8217;Universit\u00e0 degli studi di Urbino &#8220;Carlo Bo&#8221;, dove \u00e8 direttore del Laboratorio di Studi Politici e Sociali (LaPolis). Insegna R\u00e9gimes politiques compar\u00e9s presso l&#8217;\u00c9cole Doctorale di Paris II, Panth\u00e9on-Assas. \u00c9 editorialista del quotidiano &#8220;La Repubblica&#8221;.<\/p>\n<p>Part 1\/4<br \/>\nIntervista a Ilvo Diamanti<\/p>\n<p>&#8212;&#8212;&#8212;&#8212;&#8211;<\/p>\n","protected":false},"excerpt":{"rendered":"<div class=\"image\"><a href=\"\/en\/video\/2017\/07\/intervista_a_ilvo_diamanti.html\"><img loading=\"lazy\" decoding=\"async\" src=\"\/it\/focus\/img\/Ilvo-Diamanti-intervista-130.jpg\" width=\"130\" height=\"130\" border=\"0\" alt=\"Viviamo in una democrazia ibrida. Intervista a Ilvo Diamanti.\" title=\"Viviamo in una democrazia ibrida. Intervista a Ilvo Diamanti.\" \/><\/a><\/div>\n<div class=\"info\">\n<div class=\"linklingua\"><!-- --><\/div>\n<\/div>\n","protected":false},"author":16,"featured_media":24674,"comment_status":"closed","ping_status":"closed","sticky":false,"template":"","format":"standard","meta":{"_acf_changed":false,"mc4wp_mailchimp_campaign":[],"footnotes":""},"categories":[5295,2764,3095,1418],"tags":[3986,5092,4204,4331,4260,4332,4325,3931,4333,4334,4293,3911,3934,4068,4199,4335,3913,4336,4337,4338,3941,4213],"class_list":["post-19526","post","type-post","status-publish","format-standard","has-post-thumbnail","hentry","category-governance_and_statehood_en","category-interviews","category-interviste_di_gabriele_giacomi","category-video","tag-gabriele_giacomini_en","tag-ilvo_diamanti_en","tag-democrazia_en","tag-democrazia_diretta_en","tag-digitale_en","tag-diritti_en","tag-fiducia_en","tag-governance_en","tag-governo_en","tag-ibrido_en","tag-informazione_en","tag-innovazione_en","tag-internet_en","tag-interviste_en","tag-italia_en","tag-partiti_en","tag-politica_en","tag-politici_en","tag-pubblico_en","tag-rappresentanza_en","tag-responsabilita_en","tag-rete_en"],"acf":[],"yoast_head":"<!-- This site is optimized with the Yoast SEO plugin v27.5 - https:\/\/yoast.com\/product\/yoast-seo-wordpress\/ -->\n<title>Intervista a Ilvo Diamanti - Fondazione Giannino Bassetti<\/title>\n<meta name=\"robots\" content=\"index, follow, max-snippet:-1, max-image-preview:large, max-video-preview:-1\" \/>\n<link rel=\"canonical\" href=\"https:\/\/www.fondazionebassetti.org\/en\/video\/2017\/07\/intervista_a_ilvo_diamanti\" \/>\n<meta property=\"og:locale\" content=\"en_US\" \/>\n<meta property=\"og:type\" content=\"article\" \/>\n<meta property=\"og:title\" content=\"Intervista a Ilvo Diamanti - Fondazione Giannino Bassetti\" \/>\n<meta property=\"og:url\" content=\"https:\/\/www.fondazionebassetti.org\/en\/video\/2017\/07\/intervista_a_ilvo_diamanti\" \/>\n<meta property=\"og:site_name\" content=\"Fondazione Giannino Bassetti\" \/>\n<meta property=\"article:published_time\" content=\"2017-07-14T14:24:28+00:00\" \/>\n<meta property=\"article:modified_time\" content=\"2023-03-22T11:15:52+00:00\" \/>\n<meta property=\"og:image\" content=\"https:\/\/www.fondazionebassetti.org\/wp-content\/uploads\/2022\/06\/19526_Ilvo-Diamanti-intervista-130.jpg\" \/>\n\t<meta property=\"og:image:width\" content=\"1024\" \/>\n\t<meta property=\"og:image:height\" content=\"578\" \/>\n\t<meta property=\"og:image:type\" content=\"image\/jpeg\" \/>\n<meta name=\"author\" content=\"Tommaso Correale Santacroce\" \/>\n<meta name=\"twitter:card\" content=\"summary_large_image\" \/>\n<meta name=\"twitter:label1\" content=\"Written by\" \/>\n\t<meta name=\"twitter:data1\" content=\"Tommaso Correale Santacroce\" \/>\n\t<meta name=\"twitter:label2\" content=\"Est. reading time\" \/>\n\t<meta name=\"twitter:data2\" content=\"1 minute\" \/>\n<script type=\"application\/ld+json\" class=\"yoast-schema-graph\">{\"@context\":\"https:\\\/\\\/schema.org\",\"@graph\":[{\"@type\":\"Article\",\"@id\":\"https:\\\/\\\/www.fondazionebassetti.org\\\/en\\\/video\\\/2017\\\/07\\\/intervista_a_ilvo_diamanti#article\",\"isPartOf\":{\"@id\":\"https:\\\/\\\/www.fondazionebassetti.org\\\/en\\\/video\\\/2017\\\/07\\\/intervista_a_ilvo_diamanti\"},\"author\":{\"name\":\"Tommaso Correale Santacroce\",\"@id\":\"https:\\\/\\\/www.fondazionebassetti.org\\\/en#\\\/schema\\\/person\\\/168d0c230d9f804733495a1f3c8a758c\"},\"headline\":\"Intervista a Ilvo Diamanti\",\"datePublished\":\"2017-07-14T14:24:28+00:00\",\"dateModified\":\"2023-03-22T11:15:52+00:00\",\"mainEntityOfPage\":{\"@id\":\"https:\\\/\\\/www.fondazionebassetti.org\\\/en\\\/video\\\/2017\\\/07\\\/intervista_a_ilvo_diamanti\"},\"wordCount\":117,\"publisher\":{\"@id\":\"https:\\\/\\\/www.fondazionebassetti.org\\\/en#organization\"},\"image\":{\"@id\":\"https:\\\/\\\/www.fondazionebassetti.org\\\/en\\\/video\\\/2017\\\/07\\\/intervista_a_ilvo_diamanti#primaryimage\"},\"thumbnailUrl\":\"https:\\\/\\\/www.fondazionebassetti.org\\\/wp-content\\\/uploads\\\/2022\\\/06\\\/19526_Ilvo-Diamanti-intervista-130.jpg\",\"keywords\":[\"@Gabriele Giacomini\",\"@Ilvo Diamanti\",\"democrazia\",\"democrazia diretta\",\"digitale\",\"diritti\",\"fiducia\",\"governance\",\"governo\",\"ibrido\",\"informazione\",\"Innovazione\",\"internet\",\"interviste\",\"Italia\",\"partiti\",\"Politica\",\"politici\",\"pubblico\",\"rappresentanza\",\"responsabilit\u00e0\",\"rete\"],\"articleSection\":[\"Governance and statehood\",\"Interviews\",\"Interviste di Gabriele Giacomini\",\"Video\"],\"inLanguage\":\"en-US\"},{\"@type\":\"WebPage\",\"@id\":\"https:\\\/\\\/www.fondazionebassetti.org\\\/en\\\/video\\\/2017\\\/07\\\/intervista_a_ilvo_diamanti\",\"url\":\"https:\\\/\\\/www.fondazionebassetti.org\\\/en\\\/video\\\/2017\\\/07\\\/intervista_a_ilvo_diamanti\",\"name\":\"Intervista a Ilvo Diamanti - Fondazione Giannino Bassetti\",\"isPartOf\":{\"@id\":\"https:\\\/\\\/www.fondazionebassetti.org\\\/en#website\"},\"primaryImageOfPage\":{\"@id\":\"https:\\\/\\\/www.fondazionebassetti.org\\\/en\\\/video\\\/2017\\\/07\\\/intervista_a_ilvo_diamanti#primaryimage\"},\"image\":{\"@id\":\"https:\\\/\\\/www.fondazionebassetti.org\\\/en\\\/video\\\/2017\\\/07\\\/intervista_a_ilvo_diamanti#primaryimage\"},\"thumbnailUrl\":\"https:\\\/\\\/www.fondazionebassetti.org\\\/wp-content\\\/uploads\\\/2022\\\/06\\\/19526_Ilvo-Diamanti-intervista-130.jpg\",\"datePublished\":\"2017-07-14T14:24:28+00:00\",\"dateModified\":\"2023-03-22T11:15:52+00:00\",\"breadcrumb\":{\"@id\":\"https:\\\/\\\/www.fondazionebassetti.org\\\/en\\\/video\\\/2017\\\/07\\\/intervista_a_ilvo_diamanti#breadcrumb\"},\"inLanguage\":\"en-US\",\"potentialAction\":[{\"@type\":\"ReadAction\",\"target\":[\"https:\\\/\\\/www.fondazionebassetti.org\\\/en\\\/video\\\/2017\\\/07\\\/intervista_a_ilvo_diamanti\"]}]},{\"@type\":\"ImageObject\",\"inLanguage\":\"en-US\",\"@id\":\"https:\\\/\\\/www.fondazionebassetti.org\\\/en\\\/video\\\/2017\\\/07\\\/intervista_a_ilvo_diamanti#primaryimage\",\"url\":\"https:\\\/\\\/www.fondazionebassetti.org\\\/wp-content\\\/uploads\\\/2022\\\/06\\\/19526_Ilvo-Diamanti-intervista-130.jpg\",\"contentUrl\":\"https:\\\/\\\/www.fondazionebassetti.org\\\/wp-content\\\/uploads\\\/2022\\\/06\\\/19526_Ilvo-Diamanti-intervista-130.jpg\",\"width\":1024,\"height\":578},{\"@type\":\"BreadcrumbList\",\"@id\":\"https:\\\/\\\/www.fondazionebassetti.org\\\/en\\\/video\\\/2017\\\/07\\\/intervista_a_ilvo_diamanti#breadcrumb\",\"itemListElement\":[{\"@type\":\"ListItem\",\"position\":1,\"name\":\"Home\",\"item\":\"https:\\\/\\\/www.fondazionebassetti.org\\\/en\"},{\"@type\":\"ListItem\",\"position\":2,\"name\":\"Intervista a Ilvo Diamanti\"}]},{\"@type\":\"WebSite\",\"@id\":\"https:\\\/\\\/www.fondazionebassetti.org\\\/en#website\",\"url\":\"https:\\\/\\\/www.fondazionebassetti.org\\\/en\",\"name\":\"Fondazione Giannino Bassetti\",\"description\":\"Fondazione Giannino Bassetti\",\"publisher\":{\"@id\":\"https:\\\/\\\/www.fondazionebassetti.org\\\/en#organization\"},\"alternateName\":\"FGB\",\"potentialAction\":[{\"@type\":\"SearchAction\",\"target\":{\"@type\":\"EntryPoint\",\"urlTemplate\":\"https:\\\/\\\/www.fondazionebassetti.org\\\/en?s={search_term_string}\"},\"query-input\":{\"@type\":\"PropertyValueSpecification\",\"valueRequired\":true,\"valueName\":\"search_term_string\"}}],\"inLanguage\":\"en-US\"},{\"@type\":\"Organization\",\"@id\":\"https:\\\/\\\/www.fondazionebassetti.org\\\/en#organization\",\"name\":\"Fondazione Giannino Bassetti ETS\",\"alternateName\":\"FGB\",\"url\":\"https:\\\/\\\/www.fondazionebassetti.org\\\/en\",\"logo\":{\"@type\":\"ImageObject\",\"inLanguage\":\"en-US\",\"@id\":\"https:\\\/\\\/www.fondazionebassetti.org\\\/en#\\\/schema\\\/logo\\\/image\\\/\",\"url\":\"https:\\\/\\\/www.fondazionebassetti.org\\\/wp-content\\\/uploads\\\/2025\\\/09\\\/logo696x696.jpg\",\"contentUrl\":\"https:\\\/\\\/www.fondazionebassetti.org\\\/wp-content\\\/uploads\\\/2025\\\/09\\\/logo696x696.jpg\",\"width\":696,\"height\":696,\"caption\":\"Fondazione Giannino Bassetti ETS\"},\"image\":{\"@id\":\"https:\\\/\\\/www.fondazionebassetti.org\\\/en#\\\/schema\\\/logo\\\/image\\\/\"}},{\"@type\":\"Person\",\"@id\":\"https:\\\/\\\/www.fondazionebassetti.org\\\/en#\\\/schema\\\/person\\\/168d0c230d9f804733495a1f3c8a758c\",\"name\":\"Tommaso Correale Santacroce\",\"url\":\"https:\\\/\\\/www.fondazionebassetti.org\\\/en\\\/author\\\/tommaso_correale_santacroce\"}]}<\/script>\n<!-- \/ Yoast SEO plugin. -->","yoast_head_json":{"title":"Intervista a Ilvo Diamanti - Fondazione Giannino Bassetti","robots":{"index":"index","follow":"follow","max-snippet":"max-snippet:-1","max-image-preview":"max-image-preview:large","max-video-preview":"max-video-preview:-1"},"canonical":"https:\/\/www.fondazionebassetti.org\/en\/video\/2017\/07\/intervista_a_ilvo_diamanti","og_locale":"en_US","og_type":"article","og_title":"Intervista a Ilvo Diamanti - Fondazione Giannino Bassetti","og_url":"https:\/\/www.fondazionebassetti.org\/en\/video\/2017\/07\/intervista_a_ilvo_diamanti","og_site_name":"Fondazione Giannino Bassetti","article_published_time":"2017-07-14T14:24:28+00:00","article_modified_time":"2023-03-22T11:15:52+00:00","og_image":[{"width":1024,"height":578,"url":"https:\/\/www.fondazionebassetti.org\/wp-content\/uploads\/2022\/06\/19526_Ilvo-Diamanti-intervista-130.jpg","type":"image\/jpeg"}],"author":"Tommaso Correale Santacroce","twitter_card":"summary_large_image","twitter_misc":{"Written by":"Tommaso Correale Santacroce","Est. reading time":"1 minute"},"schema":{"@context":"https:\/\/schema.org","@graph":[{"@type":"Article","@id":"https:\/\/www.fondazionebassetti.org\/en\/video\/2017\/07\/intervista_a_ilvo_diamanti#article","isPartOf":{"@id":"https:\/\/www.fondazionebassetti.org\/en\/video\/2017\/07\/intervista_a_ilvo_diamanti"},"author":{"name":"Tommaso Correale Santacroce","@id":"https:\/\/www.fondazionebassetti.org\/en#\/schema\/person\/168d0c230d9f804733495a1f3c8a758c"},"headline":"Intervista a Ilvo Diamanti","datePublished":"2017-07-14T14:24:28+00:00","dateModified":"2023-03-22T11:15:52+00:00","mainEntityOfPage":{"@id":"https:\/\/www.fondazionebassetti.org\/en\/video\/2017\/07\/intervista_a_ilvo_diamanti"},"wordCount":117,"publisher":{"@id":"https:\/\/www.fondazionebassetti.org\/en#organization"},"image":{"@id":"https:\/\/www.fondazionebassetti.org\/en\/video\/2017\/07\/intervista_a_ilvo_diamanti#primaryimage"},"thumbnailUrl":"https:\/\/www.fondazionebassetti.org\/wp-content\/uploads\/2022\/06\/19526_Ilvo-Diamanti-intervista-130.jpg","keywords":["@Gabriele Giacomini","@Ilvo Diamanti","democrazia","democrazia diretta","digitale","diritti","fiducia","governance","governo","ibrido","informazione","Innovazione","internet","interviste","Italia","partiti","Politica","politici","pubblico","rappresentanza","responsabilit\u00e0","rete"],"articleSection":["Governance and statehood","Interviews","Interviste di Gabriele Giacomini","Video"],"inLanguage":"en-US"},{"@type":"WebPage","@id":"https:\/\/www.fondazionebassetti.org\/en\/video\/2017\/07\/intervista_a_ilvo_diamanti","url":"https:\/\/www.fondazionebassetti.org\/en\/video\/2017\/07\/intervista_a_ilvo_diamanti","name":"Intervista a Ilvo Diamanti - Fondazione Giannino Bassetti","isPartOf":{"@id":"https:\/\/www.fondazionebassetti.org\/en#website"},"primaryImageOfPage":{"@id":"https:\/\/www.fondazionebassetti.org\/en\/video\/2017\/07\/intervista_a_ilvo_diamanti#primaryimage"},"image":{"@id":"https:\/\/www.fondazionebassetti.org\/en\/video\/2017\/07\/intervista_a_ilvo_diamanti#primaryimage"},"thumbnailUrl":"https:\/\/www.fondazionebassetti.org\/wp-content\/uploads\/2022\/06\/19526_Ilvo-Diamanti-intervista-130.jpg","datePublished":"2017-07-14T14:24:28+00:00","dateModified":"2023-03-22T11:15:52+00:00","breadcrumb":{"@id":"https:\/\/www.fondazionebassetti.org\/en\/video\/2017\/07\/intervista_a_ilvo_diamanti#breadcrumb"},"inLanguage":"en-US","potentialAction":[{"@type":"ReadAction","target":["https:\/\/www.fondazionebassetti.org\/en\/video\/2017\/07\/intervista_a_ilvo_diamanti"]}]},{"@type":"ImageObject","inLanguage":"en-US","@id":"https:\/\/www.fondazionebassetti.org\/en\/video\/2017\/07\/intervista_a_ilvo_diamanti#primaryimage","url":"https:\/\/www.fondazionebassetti.org\/wp-content\/uploads\/2022\/06\/19526_Ilvo-Diamanti-intervista-130.jpg","contentUrl":"https:\/\/www.fondazionebassetti.org\/wp-content\/uploads\/2022\/06\/19526_Ilvo-Diamanti-intervista-130.jpg","width":1024,"height":578},{"@type":"BreadcrumbList","@id":"https:\/\/www.fondazionebassetti.org\/en\/video\/2017\/07\/intervista_a_ilvo_diamanti#breadcrumb","itemListElement":[{"@type":"ListItem","position":1,"name":"Home","item":"https:\/\/www.fondazionebassetti.org\/en"},{"@type":"ListItem","position":2,"name":"Intervista a Ilvo Diamanti"}]},{"@type":"WebSite","@id":"https:\/\/www.fondazionebassetti.org\/en#website","url":"https:\/\/www.fondazionebassetti.org\/en","name":"Fondazione Giannino Bassetti","description":"Fondazione Giannino Bassetti","publisher":{"@id":"https:\/\/www.fondazionebassetti.org\/en#organization"},"alternateName":"FGB","potentialAction":[{"@type":"SearchAction","target":{"@type":"EntryPoint","urlTemplate":"https:\/\/www.fondazionebassetti.org\/en?s={search_term_string}"},"query-input":{"@type":"PropertyValueSpecification","valueRequired":true,"valueName":"search_term_string"}}],"inLanguage":"en-US"},{"@type":"Organization","@id":"https:\/\/www.fondazionebassetti.org\/en#organization","name":"Fondazione Giannino Bassetti ETS","alternateName":"FGB","url":"https:\/\/www.fondazionebassetti.org\/en","logo":{"@type":"ImageObject","inLanguage":"en-US","@id":"https:\/\/www.fondazionebassetti.org\/en#\/schema\/logo\/image\/","url":"https:\/\/www.fondazionebassetti.org\/wp-content\/uploads\/2025\/09\/logo696x696.jpg","contentUrl":"https:\/\/www.fondazionebassetti.org\/wp-content\/uploads\/2025\/09\/logo696x696.jpg","width":696,"height":696,"caption":"Fondazione Giannino Bassetti ETS"},"image":{"@id":"https:\/\/www.fondazionebassetti.org\/en#\/schema\/logo\/image\/"}},{"@type":"Person","@id":"https:\/\/www.fondazionebassetti.org\/en#\/schema\/person\/168d0c230d9f804733495a1f3c8a758c","name":"Tommaso Correale Santacroce","url":"https:\/\/www.fondazionebassetti.org\/en\/author\/tommaso_correale_santacroce"}]}},"_links":{"self":[{"href":"https:\/\/www.fondazionebassetti.org\/en\/wp-json\/wp\/v2\/posts\/19526","targetHints":{"allow":["GET"]}}],"collection":[{"href":"https:\/\/www.fondazionebassetti.org\/en\/wp-json\/wp\/v2\/posts"}],"about":[{"href":"https:\/\/www.fondazionebassetti.org\/en\/wp-json\/wp\/v2\/types\/post"}],"author":[{"embeddable":true,"href":"https:\/\/www.fondazionebassetti.org\/en\/wp-json\/wp\/v2\/users\/16"}],"replies":[{"embeddable":true,"href":"https:\/\/www.fondazionebassetti.org\/en\/wp-json\/wp\/v2\/comments?post=19526"}],"version-history":[{"count":1,"href":"https:\/\/www.fondazionebassetti.org\/en\/wp-json\/wp\/v2\/posts\/19526\/revisions"}],"predecessor-version":[{"id":29333,"href":"https:\/\/www.fondazionebassetti.org\/en\/wp-json\/wp\/v2\/posts\/19526\/revisions\/29333"}],"wp:featuredmedia":[{"embeddable":true,"href":"https:\/\/www.fondazionebassetti.org\/en\/wp-json\/wp\/v2\/media\/24674"}],"wp:attachment":[{"href":"https:\/\/www.fondazionebassetti.org\/en\/wp-json\/wp\/v2\/media?parent=19526"}],"wp:term":[{"taxonomy":"category","embeddable":true,"href":"https:\/\/www.fondazionebassetti.org\/en\/wp-json\/wp\/v2\/categories?post=19526"},{"taxonomy":"post_tag","embeddable":true,"href":"https:\/\/www.fondazionebassetti.org\/en\/wp-json\/wp\/v2\/tags?post=19526"}],"curies":[{"name":"wp","href":"https:\/\/api.w.org\/{rel}","templated":true}]}}